{"provider_url": "https://engitec.interlegis.leg.br", "title": "V\u00eddeos comemorativos para o 10\u00ba EnGITEC", "html": "<p>Ol\u00e1,<br /><br />Este recado \u00e9 para quem vem e para quem n\u00e3o poder\u00e1 estar presente ao 10\u00ba EnGITEC.<br /><br />N\u00f3s estamos montando um v\u00eddeo para comemorar os dez anos de encontros presenciais do Grupo, que se referem tamb\u00e9m, como n\u00e3o poderia deixar de ser, \u00e0 hist\u00f3ria do Programa Interlegis, que acaba de comemorar seus 20 anos.<br /><br />N\u00e3o se trata de uma superprodu\u00e7\u00e3o, queremos apenas deixar um registro do impacto que a ado\u00e7\u00e3o dos produtos Interlegis trouxe para a sua casa legislativa, seu munic\u00edpio e para voc\u00ea, como servidor e cidad\u00e3o.<br /><br />Fique atentos aos prazos e \u00e0s especifica\u00e7\u00f5es abaixo.<br /><br />E, claro, como \u00e9 poss\u00edvel que n\u00e3o consigamos aproveitar todos, os selecionados ganhar\u00e3o um brinde durante o Encontro.<br /><br />Extens\u00e3o: .mp4<br /><br />Tempo: 15 a 30 segundos<br /><br />Resolu\u00e7\u00e3o: 720p ou 1080i<br /><br />O \u00e1udio deve estar claro, sem chiado ou interfer\u00eancia, deve-se evitar filmagem contra a luz. O v\u00eddeo deve conter a informa\u00e7\u00e3o de quanto tempo \u00e9 parceiro do Interlegis, quais os produtos que utiliza.<br /><br />Os v\u00eddeos devem ser enviados para o e-mail <a class=\"email-link\" href=\"mailto:engitec@interlegis.leg.br\" target=\"_self\" title=\"\">engitec@interlegis.leg.br</a> at\u00e9 o dia 30 de setembro. N\u00e3o esquecer de colocar o nome que deve aparecer na legenda (no m\u00e1ximo nome e sobrenome) e da casa legislativa.</p>", "author_name": "", "version": "1.0", "author_url": "https://engitec.interlegis.leg.br/author/admin", "provider_name": "Portal do GITEC", "type": "rich"}