{"provider_url": "https://engitec.interlegis.leg.br", "title": "15\u00ba EnGITEC - Integrando Pessoas", "html": "<div class=\"summary\">\r\n<div class=\"no-overflow\">\r\n<p>2025 marca a 15\u00aa edi\u00e7\u00e3o do EnGITEC. Vamos celebrar essa data e compartilhar experi\u00eancias que promovem a transpar\u00eancia, a participa\u00e7\u00e3o cidad\u00e3 e a moderniza\u00e7\u00e3o das atividades legislativas.</p>\r\n<p><span>O evento ser\u00e1 realizado nos dias 2 a 6 de junho, em Bras\u00edlia, no Instituto Serzedello Corr\u00eaa, a escola de governo do Tribunal de Contas da Uni\u00e3o (TCU). Teremos palestras com especialistas em inova\u00e7\u00e3o e em conte\u00fados fundamentais para o melhor exerc\u00edcio das atividades parlamentares.</span></p>\r\n<p><span>Sua participa\u00e7\u00e3o \u00e9 fundamental! Vamos fortalecer a comunidade de tecnologia e inova\u00e7\u00e3o legislativas e construir um futuro melhor para a democracia.</span></p>\r\n<p><span>Fa\u00e7a j\u00e1 sua <a class=\"external-link\" href=\"https://saberes.senado.leg.br/course/view.php?id=3020\" target=\"_self\" title=\"Inscri\u00e7\u00e3o 15\u00ba EnGITEC\">inscri\u00e7\u00e3o</a> e acompanhe as informa\u00e7\u00f5es na <a title=\"\" href=\"https://engitec.interlegis.leg.br/engitec/edicoes/15o-engitec-integrando-pessoas\" class=\"internal-link\" target=\"_self\">p\u00e1gina</a> do evento.</span></p>\r\n</div>\r\n</div>", "author_name": "", "version": "1.0", "author_url": "https://engitec.interlegis.leg.br/author/admin", "provider_name": "Portal do GITEC", "type": "rich"}