{"provider_url": "https://engitec.interlegis.leg.br", "title": "6\u00ba EnGITEC - Dados abertos", "html": "<h2 id=\"LocaleData\">Local e Data<a class=\"anchor\" href=\"https://colab.interlegis.leg.br/wiki/VIEncontroGitec#LocaleData\" title=\"Link para esta se\u00e7\u00e3o\"></a></h2>\r\n<ul>\r\n<li>De\u00a0<strong>25 a 27 de setembro de 2013</strong>.</li>\r\n<li>Audit\u00f3rio Senador Ant\u00f4nio Carlos Magalh\u00e3es.</li>\r\n<li>Sede do\u00a0<a class=\"ext-link\" href=\"http://www.interlegis.leg.br/\"><span class=\"icon\"></span>Programa Interlegis</a>\u00a0- Anexo E do Senado Federal.</li>\r\n<li>Bras\u00edlia - DF (<a class=\"ext-link\" href=\"http://maps.google.com.br/maps/ms?ie=UTF8&amp;hl=pt-BR&amp;msa=0&amp;msid=116337486741096216436.000477021846c5958d3c5&amp;ll=-15.796275,-47.864725&amp;spn=0.00112,0.002411&amp;t=h&amp;z=19\"><span class=\"icon\"></span>ver mapa</a>).</li>\r\n</ul>\r\n<hr />\r\n<h1 id=\"Convites\">Convites<a class=\"anchor\" href=\"https://colab.interlegis.leg.br/wiki/VIEncontroGitec#Convites\" title=\"Link para esta se\u00e7\u00e3o\"></a></h1>\r\n<p>As casas legislativas, ou servidores, que necessitem de convites espec\u00edficos, por gentileza enviem e-mail solicitando o mesmo para: encontrogitec@\u2026</p>\r\n<ul>\r\n<li>Nome completo do participante:</li>\r\n<li>Casa Legislativa:</li>\r\n<li>Nome do Presidente:</li>\r\n<li>Endere\u00e7o completo ; cidade , Estado e CEP</li>\r\n<li>Obs: favor informar telefone para contato.</li>\r\n</ul>\r\n<hr />\r\n<h2 id=\"Gradedepalestras\">Grade de palestras<a class=\"anchor\" href=\"https://colab.interlegis.leg.br/wiki/VIEncontroGitec#Gradedepalestras\" title=\"Link para esta se\u00e7\u00e3o\"></a></h2>\r\n<p><strong>1\u00ba Dia \u2013 25 de Setembro \u2013 Quarta-feira</strong></p>\r\n<table class=\"wiki\">\r\n<tbody>\r\n<tr>\r\n<td><strong>In\u00edcio</strong></td>\r\n<td><strong>Fim</strong></td>\r\n<td><strong>Tema</strong></td>\r\n<td><strong>Palestrante</strong></td>\r\n<td><strong>Institui\u00e7\u00e3o</strong></td>\r\n<td><strong>V\u00eddeo da Palestra</strong></td>\r\n</tr>\r\n<tr>\r\n<td>08:00</td>\r\n<td>09:00</td>\r\n<td><strong>Credenciamento</strong></td>\r\n<td></td>\r\n<td></td>\r\n</tr>\r\n<tr>\r\n<td>09:00</td>\r\n<td>10:00</td>\r\n<td><strong>Abertura e apresenta\u00e7\u00e3o do VI EnGITEC</strong></td>\r\n<td></td>\r\n<td></td>\r\n<td>assistir |\u00a0<a class=\"ext-link\" href=\"http://arquivos.interlegis.leg.br/interlegis/video/VI_Encontro_GITEC/gitec6-abertura.wmv\"><span class=\"icon\"></span>download</a></td>\r\n</tr>\r\n<tr>\r\n<td>10:00</td>\r\n<td>11:00</td>\r\n<td><strong>Dados Abertos</strong></td>\r\n<td><a class=\"wiki\" href=\"https://colab.interlegis.leg.br/wiki/VIEncontroGitec#AlexandreGomes\">Alexandre Gomes</a></td>\r\n<td><a class=\"ext-link\" href=\"http://www.seatecnologia.com.br/\"><span class=\"icon\"></span>SEA Tencnologia</a></td>\r\n<td>assistir |\u00a0<a class=\"ext-link\" href=\"http://arquivos.interlegis.leg.br/interlegis/video/VI_Encontro_GITEC/gitec6-dados-abertos.wmv\"><span class=\"icon\"></span>download</a></td>\r\n</tr>\r\n<tr>\r\n<td>11:00</td>\r\n<td>12:00</td>\r\n<td><strong>PDF/A: formato ISO para preserva\u00e7\u00e3o de documentos digitais</strong></td>\r\n<td><a class=\"wiki\" href=\"https://colab.interlegis.leg.br/wiki/VIEncontroGitec#Jo%C3%A3oAlbertodeOliveiraLima\">Jo\u00e3o Alberto de Oliveira Lima</a></td>\r\n<td>[htp://www.senado.br SF/Prodasen ]</td>\r\n<td>assistir |\u00a0<a class=\"ext-link\" href=\"http://arquivos.interlegis.leg.br/interlegis/video/VI_Encontro_GITEC/gitec6-pdf-a.wmv\"><span class=\"icon\"></span>download</a></td>\r\n</tr>\r\n<tr>\r\n<td>12:00</td>\r\n<td>13:45</td>\r\n<td><em>Intervalo para almo\u00e7o</em></td>\r\n<td></td>\r\n<td></td>\r\n</tr>\r\n<tr>\r\n<td>14:00</td>\r\n<td>15:00</td>\r\n<td><strong>Programa Brasil Transparente</strong></td>\r\n<td><a class=\"wiki\" href=\"https://colab.interlegis.leg.br/wiki/VIEncontroGitec#EdwardLucioVieiraBorba\">Edward Lucio Vieira Borba</a></td>\r\n<td><a class=\"ext-link\" href=\"http://www.cgu.gov.br/\"><span class=\"icon\"></span>CGU</a></td>\r\n<td>assistir |\u00a0<a class=\"ext-link\" href=\"http://arquivos.interlegis.leg.br/interlegis/video/VI_Encontro_GITEC/gitec6-brasil-transparente.wmv\"><span class=\"icon\"></span>download</a></td>\r\n</tr>\r\n<tr>\r\n<td>15:00</td>\r\n<td>16:00</td>\r\n<td><strong>O Algoritmo Social - Como reinventar a atividade legislativa</strong></td>\r\n<td><a class=\"wiki\" href=\"https://colab.interlegis.leg.br/wiki/VIEncontroGitec#H%C3%A9lioTeixeira\">H\u00e9lio Teixeira</a></td>\r\n<td><strong>Instituto H\u00e9lio Teixeira</strong></td>\r\n<td>assistir |\u00a0<a class=\"ext-link\" href=\"http://arquivos.interlegis.leg.br/interlegis/video/VI_Encontro_GITEC/gitec6-algoritimo-social.wmv\"><span class=\"icon\"></span>download</a></td>\r\n</tr>\r\n<tr>\r\n<td>16:00</td>\r\n<td>16:30</td>\r\n<td><em>Intervalo para caf\u00e9</em></td>\r\n<td></td>\r\n<td></td>\r\n</tr>\r\n<tr>\r\n<td>16:30</td>\r\n<td>17:30</td>\r\n<td><strong>Futuro do Plone</strong></td>\r\n<td><a class=\"wiki\" href=\"https://colab.interlegis.leg.br/wiki/VIEncontroGitec#%C3%89ricoAndrei\">Erico Andrei</a></td>\r\n<td><a class=\"wiki\" href=\"https://colab.interlegis.leg.br/wiki/VIEncontroGitec#SimplesConsultoria\">Simples Consultoria</a></td>\r\n<td>assistir |\u00a0<a class=\"ext-link\" href=\"http://arquivos.interlegis.leg.br/interlegis/video/VI_Encontro_GITEC/gitec6-futuro-plone.wmv\"><span class=\"icon\"></span>download</a></td>\r\n</tr>\r\n</tbody>\r\n</table>\r\n<p><strong>2\u00ba Dia \u2013 26 de Setembro \u2013 Quinta-feira</strong></p>\r\n<table class=\"wiki\">\r\n<tbody>\r\n<tr>\r\n<td><strong>In\u00edcio</strong></td>\r\n<td><strong>Fim</strong></td>\r\n<td><strong>Tema</strong></td>\r\n<td><strong>Palestrante</strong></td>\r\n<td><strong>Institui\u00e7\u00e3o</strong></td>\r\n<td><strong>V\u00eddeo da Palestra</strong></td>\r\n</tr>\r\n<tr>\r\n<td>09:00</td>\r\n<td>10:00</td>\r\n<td><strong>Utiliza\u00e7\u00e3o de Software Livre no Legislativo Municipal</strong></td>\r\n<td><a class=\"wiki\" href=\"https://colab.interlegis.leg.br/wiki/VIEncontroGitec#CristianoLageCampos\">Cristiano Lage Campos</a></td>\r\n<td><a class=\"ext-link\" href=\"http://www.timoteo.cam.mg.gov.br/\"><span class=\"icon\"></span>C\u00e2mara Municipal de Tim\u00f3teo</a></td>\r\n<td>assistir |\u00a0<a class=\"ext-link\" href=\"http://arquivos.interlegis.leg.br/interlegis/video/VI_Encontro_GITEC/gitec6-software-livre-legislativo.wmv\"><span class=\"icon\"></span>download</a></td>\r\n</tr>\r\n<tr>\r\n<td>10:00</td>\r\n<td>11:00</td>\r\n<td><strong>O futuro dos produtos Interlegis</strong></td>\r\n<td><a class=\"wiki\" href=\"https://colab.interlegis.leg.br/wiki/VIEncontroGitec\">Ricardo Ramos, Gouveia, Jean ,Ses\u00f3stris, Mazza e F\u00e1bio</a></td>\r\n<td><a class=\"ext-link\" href=\"http://www.interlegis.leg.br/\"><span class=\"icon\"></span>ILB/Interlegis</a></td>\r\n<td>assistir |\u00a0<a class=\"ext-link\" href=\"http://arquivos.interlegis.leg.br/interlegis/video/VI_Encontro_GITEC/gitec6-futuro-produtos-interlegis.wmv\"><span class=\"icon\"></span>download</a></td>\r\n</tr>\r\n<tr>\r\n<td>11:00</td>\r\n<td>12:00</td>\r\n<td><strong>Gerenciamento de servidores com Puppet</strong></td>\r\n<td><a class=\"wiki\" href=\"https://colab.interlegis.leg.br/wiki/VIEncontroGitec#FabioKaiserRauber\">F\u00e1bio Kaiser Rauber</a></td>\r\n<td><a class=\"ext-link\" href=\"http://www.interlegis.leg.br/\"><span class=\"icon\"></span>ILB/Interlegis</a></td>\r\n<td>assistir |\u00a0<a class=\"ext-link\" href=\"http://arquivos.interlegis.leg.br/interlegis/video/VI_Encontro_GITEC/gitec6-puppet.wmv\"><span class=\"icon\"></span>download</a></td>\r\n</tr>\r\n<tr>\r\n<td>12:00</td>\r\n<td>13:45</td>\r\n<td><em>Intervalo para almo\u00e7o</em></td>\r\n<td></td>\r\n</tr>\r\n<tr>\r\n<td>14:00</td>\r\n<td>15:00</td>\r\n<td><strong>SAPL 3.0</strong></td>\r\n<td><a class=\"wiki\" href=\"https://colab.interlegis.leg.br/wiki/VIEncontroGitec#GustavoAlvesLepri\">Gustavo Lepri</a></td>\r\n<td><a class=\"ext-link\" href=\"http://www.interlegis.leg.br/\"><span class=\"icon\"></span>Programa Interlegis</a></td>\r\n<td>assistir |\u00a0<a class=\"ext-link\" href=\"http://arquivos.interlegis.leg.br/interlegis/video/VI_Encontro_GITEC/gitec6-sapl3.wmv\"><span class=\"icon\"></span>download</a></td>\r\n</tr>\r\n<tr>\r\n<td>15:00</td>\r\n<td>16:00</td>\r\n<td><strong>Seguran\u00e7a Cibern\u00e9tica - Realizando\u00a0<a class=\"missing wiki\">PenTest?</a>\u00a0com Software Livre</strong></td>\r\n<td><a class=\"wiki\" href=\"https://colab.interlegis.leg.br/wiki/VIEncontroGitec#AlcyonFerreiradeSouzaJunior\">Alcyon Ferreira de Souza Jr</a></td>\r\n<td><a class=\"ext-link\" href=\"http://www.mc.gov.br/\"><span class=\"icon\"></span>Minist\u00e9rio das Comunica\u00e7\u00f5es</a></td>\r\n<td>assistir |\u00a0<a class=\"ext-link\" href=\"http://arquivos.interlegis.leg.br/interlegis/video/VI_Encontro_GITEC/gitec6-seguranca-cibernetica.wmv\"><span class=\"icon\"></span>download</a></td>\r\n</tr>\r\n<tr>\r\n<td>16:00</td>\r\n<td>16:30</td>\r\n<td><em>Intervalo para caf\u00e9</em></td>\r\n<td></td>\r\n<td></td>\r\n</tr>\r\n<tr>\r\n<td>16:30</td>\r\n<td>17:30</td>\r\n<td><strong>Filesystems - Voc\u00ea realmente sabe instalar o GNU/Linux?</strong></td>\r\n<td><a class=\"wiki\" href=\"https://colab.interlegis.leg.br/wiki/VIEncontroGitec#Jo%C3%A3oEribertoMotaFilho\">Jo\u00e3o Eriberto Mota Filho</a></td>\r\n<td><a class=\"ext-link\" href=\"http://www.eb.mil.br/\"><span class=\"icon\"></span>Ex\u00e9rcito Brasileiro</a></td>\r\n<td>assistir |\u00a0<a class=\"ext-link\" href=\"http://arquivos.interlegis.leg.br/interlegis/video/VI_Encontro_GITEC/gitec6-file-system.wmv\"><span class=\"icon\"></span>download</a></td>\r\n</tr>\r\n</tbody>\r\n</table>\r\n<p><strong>3\u00ba Dia \u2013 27 de Setembro \u2013 Sexta-feira</strong></p>\r\n<table class=\"wiki\">\r\n<tbody>\r\n<tr>\r\n<td><strong>In\u00edcio</strong></td>\r\n<td><strong>Fim</strong></td>\r\n<td><strong>Tema</strong></td>\r\n<td><strong>Palestrante</strong></td>\r\n<td><strong>Institui\u00e7\u00e3o</strong></td>\r\n<td><strong>V\u00eddeo da Palestra</strong></td>\r\n</tr>\r\n<tr>\r\n<td>09:00</td>\r\n<td>10:00</td>\r\n<td><strong>Motiva\u00e7\u00e3o: O que \u00e9? Como motivar outros?</strong></td>\r\n<td><a class=\"wiki\" href=\"https://colab.interlegis.leg.br/wiki/VIEncontroGitec#Jos%C3%A9AugustoParreirasdeOliveira\">Jos\u00e9 Augusto Parreiras de Oliveira</a></td>\r\n<td><a class=\"ext-link\" href=\"http://www.ad-infinitum.com.br/\"><span class=\"icon\"></span>Ad-Infinitum</a></td>\r\n<td>assistir |\u00a0<a class=\"ext-link\" href=\"http://arquivos.interlegis.leg.br/interlegis/video/VI_Encontro_GITEC/gitec6-motivacao.wmv\"><span class=\"icon\"></span>download</a></td>\r\n</tr>\r\n<tr>\r\n<td>10:00</td>\r\n<td>10:30</td>\r\n<td><strong>SAAL</strong></td>\r\n<td><a class=\"wiki\" href=\"https://colab.interlegis.leg.br/wiki/VIEncontroGitec#Ses%C3%B3strisVieira\">Ses\u00f3stris Vieira</a></td>\r\n<td><a class=\"ext-link\" href=\"http://www.interlegis.leg.br/\"><span class=\"icon\"></span>ILB/Interlegis</a></td>\r\n<td>assistir |\u00a0<a class=\"ext-link\" href=\"http://arquivos.interlegis.leg.br/interlegis/video/VI_Encontro_GITEC/gitec6-saal.wmv\"><span class=\"icon\"></span>download</a></td>\r\n</tr>\r\n<tr>\r\n<td>10:30</td>\r\n<td>11:00</td>\r\n<td><strong>Novo Colab</strong></td>\r\n<td><a class=\"wiki\" href=\"https://colab.interlegis.leg.br/wiki/VIEncontroGitec#M%C3%A1rcioMazza\">M\u00e1rcio Mazza</a></td>\r\n<td><a class=\"ext-link\" href=\"http://www.interlegis.leg.br/\"><span class=\"icon\"></span>ILB/Interlegis</a></td>\r\n<td>assistir |\u00a0<a class=\"ext-link\" href=\"http://arquivos.interlegis.leg.br/interlegis/video/VI_Encontro_GITEC/gitec6-novo-colab.wmv\"><span class=\"icon\"></span>download</a></td>\r\n</tr>\r\n<tr>\r\n<td>11:00</td>\r\n<td>11:30</td>\r\n<td><strong>Novo servi\u00e7o Interlegis</strong></td>\r\n<td><a class=\"wiki\" href=\"https://colab.interlegis.leg.br/wiki/VIEncontroGitec#RicardoRamos\">Ricardo Ramos</a>\u00a0e\u00a0<a class=\"wiki\" href=\"https://colab.interlegis.leg.br/wiki/VIEncontroGitec#JeanFerri\">Jean Ferri</a></td>\r\n<td><a class=\"ext-link\" href=\"http://www.interlegis.leg.br/\"><span class=\"icon\"></span>ILB/Interlegis</a></td>\r\n<td>assistir |\u00a0<a class=\"ext-link\" href=\"http://arquivos.interlegis.leg.br/interlegis/video/VI_Encontro_GITEC/gitec6-docs-interlegis.wmv\"><span class=\"icon\"></span>download</a></td>\r\n</tr>\r\n<tr>\r\n<td>11:30</td>\r\n<td>12:00</td>\r\n<td><strong>TV Digital</strong></td>\r\n<td>Flavio</td>\r\n<td><a class=\"ext-link\" href=\"http://www.camara.leg.br/\"><span class=\"icon\"></span>C\u00e2mara dos Deputados</a></td>\r\n<td>assistir |\u00a0<a class=\"ext-link\" href=\"http://arquivos.interlegis.leg.br/interlegis/video/VI_Encontro_GITEC/gitec6-tv-digital.wmv\"><span class=\"icon\"></span>download</a></td>\r\n</tr>\r\n<tr>\r\n<td>12:00</td>\r\n<td>12:30</td>\r\n<td><strong>Mesa Redonda de encerramento do EnGITEC (avalia\u00e7\u00e3o, planejamento\u00a0<br />e entrega de certificados)</strong></td>\r\n<td>Interlegis e comiss\u00e3o organizadora.</td>\r\n<td>Organiza\u00e7\u00e3o</td>\r\n<td></td>\r\n</tr>\r\n<tr>\r\n<td>12:30</td>\r\n<td>14:45</td>\r\n<td><em>Almo\u00e7o de confraterniza\u00e7\u00e3o no Mangai</em></td>\r\n<td></td>\r\n<td></td>\r\n<td></td>\r\n</tr>\r\n</tbody>\r\n</table>\r\n<hr />\r\n<h2 id=\"Gradedosminicursos\">Grade dos minicursos<a class=\"anchor\" href=\"https://colab.interlegis.leg.br/wiki/VIEncontroGitec#Gradedosminicursos\" title=\"Link para esta se\u00e7\u00e3o\"></a></h2>\r\n<p><strong>1\u00ba Dia \u2013 25 de Setembro \u2013 Quarta-feira</strong></p>\r\n<table class=\"wiki\">\r\n<tbody>\r\n<tr>\r\n<td><strong><em>In\u00edcio</em></strong></td>\r\n<td><strong><em>Fim</em></strong></td>\r\n<td><strong><em>Tema</em></strong></td>\r\n<td><strong>Palestrante</strong></td>\r\n<td><strong>Institui\u00e7\u00e3o</strong></td>\r\n</tr>\r\n<tr>\r\n<td>09:00</td>\r\n<td>12:00</td>\r\n<td><strong>Minicurso de Git</strong></td>\r\n<td><a class=\"wiki\" href=\"https://colab.interlegis.leg.br/wiki/VIEncontroGitec#M%C3%A1rcioMazza\">Marcio Mazza</a></td>\r\n<td><a class=\"ext-link\" href=\"http://www.interlegis.leg.br/\"><span class=\"icon\"></span>ILB/Interlegis</a></td>\r\n</tr>\r\n<tr>\r\n<td>14:00</td>\r\n<td>15:30</td>\r\n<td><strong>Minicurso instalando Ubuntu Linux Server</strong></td>\r\n<td><a class=\"wiki\" href=\"https://colab.interlegis.leg.br/wiki/VIEncontroGitec#Ishida\">Ishida</a></td>\r\n<td>C.M.Ribeir\u00e3o Preto</td>\r\n</tr>\r\n<tr>\r\n<td>15:30</td>\r\n<td>17:30</td>\r\n<td><strong>Minicurso instalando Produtos Interlegis (Portal Modelo, SAPL, SAAP e SPDO)</strong></td>\r\n<td><a class=\"wiki\" href=\"https://colab.interlegis.leg.br/wiki/VIEncontroGitec#MarcosPiresdeCamargo\">Marcos Pires de Camargo</a></td>\r\n<td><a class=\"ext-link\" href=\"http://www.camaraibiuna.sp.gov.br/\"><span class=\"icon\"></span>C.M. Ibiuna</a></td>\r\n</tr>\r\n</tbody>\r\n</table>\r\n<p><strong>2\u00ba Dia \u2013 26 de Setembro \u2013 Quinta-feira</strong></p>\r\n<table class=\"wiki\">\r\n<tbody>\r\n<tr>\r\n<td><strong>In\u00edcio</strong></td>\r\n<td><strong>Fim</strong></td>\r\n<td><strong>Tema</strong></td>\r\n<td><strong>Palestrante</strong></td>\r\n<td><strong>Institui\u00e7\u00e3o</strong></td>\r\n</tr>\r\n<tr>\r\n<td>09:00</td>\r\n<td>10:30</td>\r\n<td><strong>Minicurso \u2013 Customiza\u00e7\u00f5es do Portal Modelo</strong></td>\r\n<td><a class=\"wiki\" href=\"https://colab.interlegis.leg.br/wiki/VIEncontroGitec#IvanLucioGarcia\">Ivan Lucio Garcia</a></td>\r\n<td>C.M. Apucarana/PR</td>\r\n</tr>\r\n<tr>\r\n<td>10:30</td>\r\n<td>12:00</td>\r\n<td><strong>Minicurso \u2013 SPDO</strong></td>\r\n<td><a class=\"wiki\" href=\"https://colab.interlegis.leg.br/wiki/VIEncontroGitec#AdrianaAugustoChaves\">Adriana Augusto Chaves</a></td>\r\n<td>C.M. Pira\u00ed/RJ</td>\r\n</tr>\r\n<tr>\r\n<td>14:00</td>\r\n<td>15:30</td>\r\n<td><strong>Minicurso \u2013 Protocolando com o SAPL 2.5</strong></td>\r\n<td><a class=\"wiki\" href=\"https://colab.interlegis.leg.br/wiki/VIEncontroGitec#ThiagoAthaydeViana\">Thiago Athayde Viana</a></td>\r\n<td>C.M. Cachoeiro do Itapemirim/ES</td>\r\n</tr>\r\n<tr>\r\n<td>15:00</td>\r\n<td>16:00</td>\r\n<td><strong>Minicurso \u2013 SAAP</strong></td>\r\n<td><a class=\"wiki\" href=\"https://colab.interlegis.leg.br/wiki/VIEncontroGitec#AlziraFernandaOliveira-Fernanda123ja\">Alzira Fernanda Oliveira</a></td>\r\n<td>C.M. Paracatu/MG</td>\r\n</tr>\r\n<tr>\r\n<td>16:30</td>\r\n<td>17:30</td>\r\n<td><strong>Minicurso \u2013 Colab (Wiki)</strong></td>\r\n<td><a class=\"wiki\" href=\"https://colab.interlegis.leg.br/wiki/VIEncontroGitec#AngeloMarcondesdeOliveiraNeto\">Angelo Marcondes de Oliveira Neto</a></td>\r\n<td>C.M. Carneirinho/MG</td>\r\n</tr>\r\n</tbody>\r\n</table>\r\n<p><strong>3\u00ba Dia \u2013 27 de Setembro \u2013 Sexta-feira</strong></p>\r\n<table class=\"wiki\">\r\n<tbody>\r\n<tr>\r\n<td><strong>In\u00edcio</strong></td>\r\n<td><strong>Fim</strong></td>\r\n<td><strong>Tema</strong></td>\r\n<td><strong>Palestrante</strong></td>\r\n<td><strong>Institui\u00e7\u00e3o</strong></td>\r\n</tr>\r\n<tr>\r\n<td>09:00</td>\r\n<td>11:00</td>\r\n<td><strong>Criando e editando proposi\u00e7\u00f5es XML para o SAPL</strong></td>\r\n<td><a class=\"wiki\" href=\"https://colab.interlegis.leg.br/wiki/VIEncontroGitec#AngeloMarcondesdeOliveiraNeto\">Angelo Marcondes de Oliveira Neto</a></td>\r\n<td>C.M. Carneirinho/MG</td>\r\n</tr>\r\n</tbody>\r\n</table>\r\n<hr />\r\n<h2 id=\"PalestranteseInstrutores\">Palestrantes e Instrutores<a class=\"anchor\" href=\"https://colab.interlegis.leg.br/wiki/VIEncontroGitec#PalestranteseInstrutores\" title=\"Link para esta se\u00e7\u00e3o\"></a></h2>\r\n<h3 id=\"AdrianaAugustoChaves\">Adriana Augusto Chaves<a class=\"anchor\" href=\"https://colab.interlegis.leg.br/wiki/VIEncontroGitec#AdrianaAugustoChaves\" title=\"Link para esta se\u00e7\u00e3o\"></a></h3>\r\n<table class=\"wiki\">\r\n<tbody>\r\n<tr>\r\n<td><a href=\"http://colab.interlegis.leg.br/raw-attachment/wiki/VIEncontroGitec/adriana.png\"><img alt=\"http://colab.interlegis.leg.br/raw-attachment/wiki/VIEncontroGitec/adriana.png\" src=\"http://colab.interlegis.leg.br/raw-attachment/wiki/VIEncontroGitec/adriana.png\" title=\"http://colab.interlegis.leg.br/raw-attachment/wiki/VIEncontroGitec/adriana.png\" /></a></td>\r\n<td>Graduada em Tecnologia de Redes de Computadores desde 2005 e P\u00f3s Graduada em Gest\u00e3o e Controladoria em Servi\u00e7os P\u00fablicos em 2008, ambos pela UNIFOA - Centro Universit\u00e1rio de Volta Redonda - RJ. Servidora da C\u00e2mara Municipal de Pira\u00ed desde 1991. A partir de 1998 ficou respons\u00e1vel pela Divis\u00e3o de Inform\u00e1tica da C\u00e2mara Municipal onde desempenhou um grande trabalho de informatiza\u00e7\u00e3o da Casa, inclusive na implanta\u00e7\u00e3o do SAPL e Portal Modelo.</td>\r\n</tr>\r\n</tbody>\r\n</table>\r\n<h3 id=\"AlcyonFerreiradeSouzaJunior\">Alcyon Ferreira de Souza Junior<a class=\"anchor\" href=\"https://colab.interlegis.leg.br/wiki/VIEncontroGitec#AlcyonFerreiradeSouzaJunior\" title=\"Link para esta se\u00e7\u00e3o\"></a></h3>\r\n<table class=\"wiki\">\r\n<tbody>\r\n<tr>\r\n<td><a href=\"http://colab.interlegis.leg.br/raw-attachment/wiki/VIEncontroGitec/alcyon.3.png\"><img alt=\"http://colab.interlegis.leg.br/raw-attachment/wiki/VIEncontroGitec/alcyon.3.png\" src=\"http://colab.interlegis.leg.br/raw-attachment/wiki/VIEncontroGitec/alcyon.3.png\" title=\"http://colab.interlegis.leg.br/raw-attachment/wiki/VIEncontroGitec/alcyon.3.png\" /></a></td>\r\n<td>Evangelizador do software livre, \u00e9 Chief Security Officer no Minist\u00e9rio das Comunica\u00e7\u00f5es, Consultor de Seguran\u00e7a Cibern\u00e9tica das Na\u00e7\u00f5es Unidas, Professor na Univesidade Cat\u00f3lica de Bras\u00edlia e mantenedor do Portal TIC\u00a0<a class=\"ext-link\" href=\"http://portaltic.com/\"><span class=\"icon\"></span>http://portaltic.com</a>. Possui tr\u00eas gradua\u00e7\u00f5es em Tecnologia de Informa\u00e7\u00e3o, com \u00eanfase em redes de computador. Certificado em ISFS ISO/IEC 27002, CNAP, LPIC-1 e Macfee Vulnerability Manager. P\u00f3s-graduado em Redes de Computador pela CISCO e MBA em Governan\u00e7a de TI. Mestre em Gest\u00e3o do Conhecimento e da Tecnologia da Informa\u00e7\u00e3o com \u00eanfase em Seguran\u00e7a Cibern\u00e9tica pela Universidade Cat\u00f3lica de Bras\u00edlia.</td>\r\n</tr>\r\n</tbody>\r\n</table>\r\n<h3 id=\"AlexandreGomes\"><a class=\"ext-link\" href=\"http://alegom.es/\"><span class=\"icon\"></span>Alexandre Gomes</a><a class=\"anchor\" href=\"https://colab.interlegis.leg.br/wiki/VIEncontroGitec#AlexandreGomes\" title=\"Link para esta se\u00e7\u00e3o\"></a></h3>\r\n<table class=\"wiki\">\r\n<tbody>\r\n<tr>\r\n<td><a href=\"http://colab.interlegis.leg.br/raw-attachment/wiki/VIEncontroGitec/alegomes.png\"><img alt=\"http://colab.interlegis.leg.br/raw-attachment/wiki/VIEncontroGitec/alegomes.png\" src=\"http://colab.interlegis.leg.br/raw-attachment/wiki/VIEncontroGitec/alegomes.png\" title=\"http://colab.interlegis.leg.br/raw-attachment/wiki/VIEncontroGitec/alegomes.png\" /></a></td>\r\n<td>Alexandre Gomes acredita no software como instrumento de transforma\u00e7\u00e3o social. Atuando na \u00e1rea h\u00e1 mais de 20 anos, j\u00e1 trabalhou no Governo Brasileiro (Serpro) e em grandes multinacionais, como a Sun Microsystems, e leva hoje uma vida de equil\u00edbrios administrando seu pr\u00f3prio neg\u00f3cio, a SEA Tecnologia. Em Bras\u00edlia, junto com sua equipe, foi pioneiro na presta\u00e7\u00e3o de servi\u00e7os profissionais em Software Livre e M\u00e9todos \u00c1geis para o Governo Federal e compartilha hoje com seus clientes a vis\u00e3o da TI como pol\u00edtica p\u00fablica para a entrega de valor ao cidad\u00e3o, da promo\u00e7\u00e3o da transpar\u00eancia, da participa\u00e7\u00e3o e do controle social. Seguir\u00a0<a class=\"ext-link\" href=\"http://twitter.com/alegomes\"><span class=\"icon\"></span>@alegomes</a></td>\r\n</tr>\r\n</tbody>\r\n</table>\r\n<h3 id=\"AlziraFernandaOliveira-Fernanda123ja\">Alzira Fernanda Oliveira - Fernanda123ja<a class=\"anchor\" href=\"https://colab.interlegis.leg.br/wiki/VIEncontroGitec#AlziraFernandaOliveira-Fernanda123ja\" title=\"Link para esta se\u00e7\u00e3o\"></a></h3>\r\n<table class=\"wiki\">\r\n<tbody>\r\n<tr>\r\n<td><a href=\"http://colab.interlegis.leg.br/raw-attachment/wiki/VIEncontroGitec/fernanda.png\"><img alt=\"http://colab.interlegis.leg.br/raw-attachment/wiki/VIEncontroGitec/fernanda.png\" src=\"http://colab.interlegis.leg.br/raw-attachment/wiki/VIEncontroGitec/fernanda.png\" title=\"http://colab.interlegis.leg.br/raw-attachment/wiki/VIEncontroGitec/fernanda.png\" /></a></td>\r\n<td>Formada em Tecnologia em Inform\u00e1tica, p\u00f3s Graduada em An\u00e1lise, Projeto e Ger\u00eancia de Sistemas pela PUC-Rio e MBA em Administra\u00e7\u00e3o e Sistemas de Informa\u00e7\u00e3o pela Universidade Federal Fluminense, atualmente \u00e9 p\u00f3s-graduanda em Gest\u00e3o P\u00fablica e cursa Direito pela UNISUL. Atuou na concep\u00e7\u00e3o, desenvolvimento e implanta\u00e7\u00e3o do BIMTRA (Banco Integrado de Movimento do Tr\u00e1fego A\u00e9reo) e do sistema SICOTAN no Departamento de Controle do Espa\u00e7o A\u00e9reo - DECEA, Membro efetivo da Comiss\u00e3o de Desenvolvimento e Implanta\u00e7\u00e3o do Sistema de Cobran\u00e7a das Tarifas de Uso das Comunica\u00e7\u00f5es e dos Aux\u00edlios \u00e0 Navega\u00e7\u00e3o A\u00e9rea em Rota (COMTAN), na Coordenadoria de TI/Comando da Aeron\u00e1utica. Servidora da C\u00e2mara Municipal de Paracatu desde 2007 \u00e9 carioca da gema e completamente apaixonada por beagles. A origem do apelido? \u201c\u00c9 prosa pra mais de metro\u201d!!! rs..</td>\r\n</tr>\r\n</tbody>\r\n</table>\r\n<h3 id=\"AngeloMarcondesdeOliveiraNeto\">Angelo Marcondes de Oliveira Neto<a class=\"anchor\" href=\"https://colab.interlegis.leg.br/wiki/VIEncontroGitec#AngeloMarcondesdeOliveiraNeto\" title=\"Link para esta se\u00e7\u00e3o\"></a></h3>\r\n<table class=\"wiki\">\r\n<tbody>\r\n<tr>\r\n<td><a href=\"http://colab.interlegis.leg.br/raw-attachment/wiki/VIEncontroGitec/carneirinho.png\"><img alt=\"http://colab.interlegis.leg.br/raw-attachment/wiki/VIEncontroGitec/carneirinho.png\" src=\"http://colab.interlegis.leg.br/raw-attachment/wiki/VIEncontroGitec/carneirinho.png\" title=\"http://colab.interlegis.leg.br/raw-attachment/wiki/VIEncontroGitec/carneirinho.png\" /></a></td>\r\n<td>Tamb\u00e9m conhecido como \"Carneirinho\", \u00e9 servidor da C\u00e2mara Municipal de Carneirinho - MG, onde desenvolve o trabalho de ades\u00e3o do software livre e utiliza\u00e7\u00e3o de tecnologia como ferramenta de transpar\u00eancia e comunica\u00e7\u00e3o para o legislativo. Desde 2005 trabalha ativamente junto \u00e0 comunidade GITEC como colaborador. Seguir\u00a0<a class=\"ext-link\" href=\"http://twitter.com/uaigeek\"><span class=\"icon\"></span>@uaigeek</a></td>\r\n</tr>\r\n</tbody>\r\n</table>\r\n<h3 id=\"CristianoLageCampos\">Cristiano Lage Campos<a class=\"anchor\" href=\"https://colab.interlegis.leg.br/wiki/VIEncontroGitec#CristianoLageCampos\" title=\"Link para esta se\u00e7\u00e3o\"></a></h3>\r\n<table class=\"wiki\">\r\n<tbody>\r\n<tr>\r\n<td><a href=\"http://colab.interlegis.leg.br/raw-attachment/wiki/VIEncontroGitec/cristiano.png\"><img alt=\"http://colab.interlegis.leg.br/raw-attachment/wiki/VIEncontroGitec/cristiano.png\" src=\"http://colab.interlegis.leg.br/raw-attachment/wiki/VIEncontroGitec/cristiano.png\" title=\"http://colab.interlegis.leg.br/raw-attachment/wiki/VIEncontroGitec/cristiano.png\" /></a></td>\r\n<td>Formado em Engenharia Industrial El\u00e9trica, servidor do munic\u00edpio de Tim\u00f3teo desde 1989, trabalhando no Legislativo desde 1992. Dentro os trabalhos desenvolvidos na casa participou da migra\u00e7\u00e3o da Casa para software livre. Atuante em comunidades ligadas a software livre como forumubuntu-br.org e GITEC, tamb\u00e9m participou da cria\u00e7\u00e3o de centros de inclus\u00e3o digital locais (p\u00fablicas e privadas) sempre usando ferramentas baseadas em software livre.</td>\r\n</tr>\r\n</tbody>\r\n</table>\r\n<h3 id=\"EdwardLucioVieiraBorba\">Edward Lucio Vieira Borba<a class=\"anchor\" href=\"https://colab.interlegis.leg.br/wiki/VIEncontroGitec#EdwardLucioVieiraBorba\" title=\"Link para esta se\u00e7\u00e3o\"></a></h3>\r\n<table class=\"wiki\">\r\n<tbody>\r\n<tr>\r\n<td><a href=\"http://colab.interlegis.leg.br/raw-attachment/wiki/VIEncontroGitec/edward.png\"><img alt=\"http://colab.interlegis.leg.br/raw-attachment/wiki/VIEncontroGitec/edward.png\" src=\"http://colab.interlegis.leg.br/raw-attachment/wiki/VIEncontroGitec/edward.png\" title=\"http://colab.interlegis.leg.br/raw-attachment/wiki/VIEncontroGitec/edward.png\" /></a></td>\r\n<td>Bacharel em Ci\u00eancia da Computa\u00e7\u00e3o pela Unb, P\u00f3s-graduado em Marketing de servi\u00e7os pela ESPM e Gest\u00e3o de Controladoria de TI pela Faculdade OMNI. Na \u00e1rea privada foi empres\u00e1rio e executivo de Tecnologia da Informa\u00e7\u00e3o. Na \u00e1rea p\u00fablica, ap\u00f3s passagens pelo TCU e STJ, ingressou na carreira de Analista de Finan\u00e7as e Controle na CGU, onde ocupa o cargo de Coordenador-Geral de Coopera\u00e7\u00e3o Federativa e Controle Social da Secretaria de Transpar\u00eancia e Preven\u00e7\u00e3o da Corrup\u00e7\u00e3o.</td>\r\n</tr>\r\n</tbody>\r\n</table>\r\n<h3 id=\"\u00c9ricoAndrei\">\u00c9rico Andrei<a class=\"anchor\" href=\"https://colab.interlegis.leg.br/wiki/VIEncontroGitec#%C3%89ricoAndrei\" title=\"Link para esta se\u00e7\u00e3o\"></a></h3>\r\n<table class=\"wiki\">\r\n<tbody>\r\n<tr>\r\n<td><a href=\"http://colab.interlegis.leg.br/raw-attachment/wiki/VIEncontroGitec/erico.png\"><img alt=\"http://colab.interlegis.leg.br/raw-attachment/wiki/VIEncontroGitec/erico.png\" src=\"http://colab.interlegis.leg.br/raw-attachment/wiki/VIEncontroGitec/erico.png\" title=\"http://colab.interlegis.leg.br/raw-attachment/wiki/VIEncontroGitec/erico.png\" /></a></td>\r\n<td>CEO da Simples Consultoria, empresa especializada em solu\u00e7\u00f5es web para gest\u00e3o de conte\u00fado e portais corporativos. Com 15 anos de experi\u00eancia na gest\u00e3o de projetos e opera\u00e7\u00f5es de tecnologia da informa\u00e7\u00e3o com passagens em empresas como Microsoft Brasil, Vesta Technologies e Editora Abril. Atuante nas comunidades de sl, \u00e9 membro-fundador da Associa\u00e7\u00e3o\u00a0<a class=\"wiki\" href=\"https://colab.interlegis.leg.br/wiki/PythonBrasil\">PythonBrasil</a>, membro do conselho diretivo da Plone Foundation e core developer do Plone. Nas horas vagas estuda teatro, \u00e9 mooquense e juventino. Seguir\u00a0<a class=\"ext-link\" href=\"http://twitter.com/ericof\"><span class=\"icon\"></span>@ericof</a></td>\r\n</tr>\r\n</tbody>\r\n</table>\r\n<h3 id=\"FabioKaiserRauber\">Fabio Kaiser Rauber<a class=\"anchor\" href=\"https://colab.interlegis.leg.br/wiki/VIEncontroGitec#FabioKaiserRauber\" title=\"Link para esta se\u00e7\u00e3o\"></a></h3>\r\n<table class=\"wiki\">\r\n<tbody>\r\n<tr>\r\n<td><a href=\"http://colab.interlegis.leg.br/raw-attachment/wiki/VIEncontroGitec/fabio.png\"><img alt=\"http://colab.interlegis.leg.br/raw-attachment/wiki/VIEncontroGitec/fabio.png\" src=\"http://colab.interlegis.leg.br/raw-attachment/wiki/VIEncontroGitec/fabio.png\" title=\"http://colab.interlegis.leg.br/raw-attachment/wiki/VIEncontroGitec/fabio.png\" /></a></td>\r\n<td>Engenheiro de Redes de Comunica\u00e7\u00e3o pela Universidade de Bras\u00edlia e Analista de Inform\u00e1tica do Senado Federal. Desde 2009 no programa Interlegis, sempre no Servi\u00e7o de Infraestrutura Tecnol\u00f3gica, \u00e9 respons\u00e1vel pela infraestrutura de hospedagem de produtos Interlegis (Portal Modelo, SAPL e SAAP) e pela ger\u00eancia dos servidores f\u00edsicos e virtuais do Programa. Entusiasta de Puppet e quaisquer outras ferramentas que facilitem o trabalho do Administrador de Sistemas. Seguir @fabiorauber.</td>\r\n</tr>\r\n</tbody>\r\n</table>\r\n<h3 id=\"GustavoAlvesLepri\">Gustavo Alves Lepri<a class=\"anchor\" href=\"https://colab.interlegis.leg.br/wiki/VIEncontroGitec#GustavoAlvesLepri\" title=\"Link para esta se\u00e7\u00e3o\"></a></h3>\r\n<table class=\"wiki\">\r\n<tbody>\r\n<tr>\r\n<td><a href=\"http://colab.interlegis.leg.br/raw-attachment/wiki/VIEncontroGitec/lepri.png\"><img alt=\"http://colab.interlegis.leg.br/raw-attachment/wiki/VIEncontroGitec/lepri.png\" src=\"http://colab.interlegis.leg.br/raw-attachment/wiki/VIEncontroGitec/lepri.png\" title=\"http://colab.interlegis.leg.br/raw-attachment/wiki/VIEncontroGitec/lepri.png\" /></a></td>\r\n<td>Analista desenvolvedor desde 2005, \u00e9 especialista no desenvolvimento de aplica\u00e7\u00f5es para internet/intranet, utilizando\u00a0<a class=\"missing wiki\">Python/Zope/Plone?</a>, e aplica\u00e7\u00f5es em geral. Participou da an\u00e1lise e do desenvolvimento dos portais do Minist\u00e9rio das Comunica\u00e7\u00f5es, da Ag\u00eancia Brasil (Empresa Brasil de Comunica\u00e7\u00e3o ), bem como do novo portal da Justi\u00e7a Eleitoral. Em 2008, iniciou o desenvolvimento da vers\u00e3o 2.3 do SAPL, como consultor Pnud, vinculado ao Programa Interlegis/ Senado Federal. Consultor respons\u00e1vel pela integra\u00e7\u00e3o da base de normas jur\u00eddicas do SAPL ao LexML. Atualmente, faz parte da Liberiun, como analista, dedicando-se ao desenvolvimento de solu\u00e7\u00f5es utilizando Plone e outras solu\u00e7\u00f5es livres. Apaixonado pela profiss\u00e3o, fam\u00edlia e, sobretudo, por Deus.</td>\r\n</tr>\r\n</tbody>\r\n</table>\r\n<h3 id=\"H\u00e9lioTeixeira\">H\u00e9lio Teixeira<a class=\"anchor\" href=\"https://colab.interlegis.leg.br/wiki/VIEncontroGitec#H%C3%A9lioTeixeira\" title=\"Link para esta se\u00e7\u00e3o\"></a></h3>\r\n<table class=\"wiki\">\r\n<tbody>\r\n<tr>\r\n<td><a href=\"http://colab.interlegis.leg.br/raw-attachment/wiki/VIEncontroGitec/helio.png\"><img alt=\"http://colab.interlegis.leg.br/raw-attachment/wiki/VIEncontroGitec/helio.png\" src=\"http://colab.interlegis.leg.br/raw-attachment/wiki/VIEncontroGitec/helio.png\" title=\"http://colab.interlegis.leg.br/raw-attachment/wiki/VIEncontroGitec/helio.png\" /></a></td>\r\n<td>Profissional de comunica\u00e7\u00e3o e pesquisador da Cultura Digital e dos processos comunicacionais mediados pelas novas m\u00eddias. Fundador do Instituto H\u00e9lio Teixeira. Criador da Teoria do Algoritmo Social. Estudioso das tecnologias para a a\u00e7\u00e3o coletiva e dos mecanismos agregadores e de sincroniza\u00e7\u00e3o da Intelig\u00eancia Coletiva. Atualmente dedica boa parte do seu tempo ao estudo da Psicologia Social aplicada ao que ele chama de \"ambientes visuais-deliberativos digitais\". Seguir\u00a0<a class=\"ext-link\" href=\"http://twitter.com/helioteixeira\"><span class=\"icon\"></span>@helioteixeira</a></td>\r\n</tr>\r\n</tbody>\r\n</table>\r\n<h3 id=\"Ishida\">Ishida<a class=\"anchor\" href=\"https://colab.interlegis.leg.br/wiki/VIEncontroGitec#Ishida\" title=\"Link para esta se\u00e7\u00e3o\"></a></h3>\r\n<table class=\"wiki\">\r\n<tbody>\r\n<tr>\r\n<td><a href=\"http://colab.interlegis.leg.br/raw-attachment/wiki/VIEncontroGitec/ishida.png\"><img alt=\"http://colab.interlegis.leg.br/raw-attachment/wiki/VIEncontroGitec/ishida.png\" src=\"http://colab.interlegis.leg.br/raw-attachment/wiki/VIEncontroGitec/ishida.png\" title=\"http://colab.interlegis.leg.br/raw-attachment/wiki/VIEncontroGitec/ishida.png\" /></a></td>\r\n<td>Formado em Ci\u00eancia da Computa\u00e7\u00e3o, \u00e9 servidor da C\u00e2mara Municipal de Ribeir\u00e3o Preto - SP, desde 2001. Hoje \u00e9 respons\u00e1vel pelo Setor de Tecnologia de Informa\u00e7\u00e3o. Participou da reestrutura\u00e7\u00e3o da rede l\u00f3gica e f\u00edsica da CM; \u00e9 entusiasta do Software Livre. Como oficial de inform\u00e1tica, Formado pelo CPOR/SP - turma de 1994, trabalhou ativamente na equipe de informatiza\u00e7\u00e3o do processo de sele\u00e7\u00e3o dos Oficiais tempor\u00e1rios MFDV. Seguir\u00a0<a class=\"ext-link\" href=\"http://twitter.com/JapaNixRss\"><span class=\"icon\"></span>@JapaNixRss</a></td>\r\n</tr>\r\n</tbody>\r\n</table>\r\n<h3 id=\"IvanLucioGarcia\"><a class=\"ext-link\" href=\"http://ilgweb.com.br/\"><span class=\"icon\"></span>Ivan Lucio Garcia</a><a class=\"anchor\" href=\"https://colab.interlegis.leg.br/wiki/VIEncontroGitec#IvanLucioGarcia\" title=\"Link para esta se\u00e7\u00e3o\"></a></h3>\r\n<table class=\"wiki\">\r\n<tbody>\r\n<tr>\r\n<td><a href=\"http://colab.interlegis.leg.br/raw-attachment/wiki/VIEncontroGitec/ivan.png\"><img alt=\"http://colab.interlegis.leg.br/raw-attachment/wiki/VIEncontroGitec/ivan.png\" src=\"http://colab.interlegis.leg.br/raw-attachment/wiki/VIEncontroGitec/ivan.png\" title=\"http://colab.interlegis.leg.br/raw-attachment/wiki/VIEncontroGitec/ivan.png\" /></a></td>\r\n<td>Formado em Processamento de Dados pela UNOPAR - Universidade Norte do Paran\u00e1, funcion\u00e1rio efetivo da C\u00e2mara Municipal de Apucarana h\u00e1 mais de 20 anos, atua no setor de inform\u00e1tica da Casa, onde utilizam produtos do Interlegis, SAPL desde 2002 e Portal Modelo desde 2006/07. \u00c9 multiplicador dos sistemas fornecidos pelo Interlegis, tendo implantado o Portal e o SAPL em mais de 10 casas legislativas no Estado do Paran\u00e1. Seguir\u00a0<a class=\"ext-link\" href=\"http://twitter.com/ilgweb\"><span class=\"icon\"></span>@ilgweb</a></td>\r\n</tr>\r\n</tbody>\r\n</table>\r\n<h3 id=\"Jo\u00e3oEribertoMotaFilho\">Jo\u00e3o Eriberto Mota Filho<a class=\"anchor\" href=\"https://colab.interlegis.leg.br/wiki/VIEncontroGitec#Jo%C3%A3oEribertoMotaFilho\" title=\"Link para esta se\u00e7\u00e3o\"></a></h3>\r\n<table class=\"wiki\">\r\n<tbody>\r\n<tr>\r\n<td><a href=\"http://colab.interlegis.leg.br/raw-attachment/wiki/VIEncontroGitec/eriberto.png\"><img alt=\"http://colab.interlegis.leg.br/raw-attachment/wiki/VIEncontroGitec/eriberto.png\" src=\"http://colab.interlegis.leg.br/raw-attachment/wiki/VIEncontroGitec/eriberto.png\" title=\"http://colab.interlegis.leg.br/raw-attachment/wiki/VIEncontroGitec/eriberto.png\" /></a></td>\r\n<td>Jo\u00e3o Eriberto Mota Filho \u00e9 Oficial de Cavalaria do Ex\u00e9rcito Brasileiro. Gerente de Rede e de Seguran\u00e7a em Rede do Gabinete do Comandante do Ex\u00e9rcito. Professor da P\u00f3s-gradua\u00e7\u00e3o em Per\u00edcia Digital na Universidade Cat\u00f3lica de Bras\u00edlia (UCB). Autor dos livros Linux &amp; Seus Servidores (2000), Pequenas Redes com Microsoft Windows (2001), Descobrindo o Linux (3\u00aa edi\u00e7\u00e3o em 2012) e An\u00e1lise de tr\u00e1fego em redes TCP/IP (2013). Mantenedor Debian, empacotando diversos programas. Membro do time de Forense do Debian.</td>\r\n</tr>\r\n</tbody>\r\n</table>\r\n<h3 id=\"Jo\u00e3oAlbertodeOliveiraLima\"><a class=\"ext-link\" href=\"http://www.lexml.gov.br/\"><span class=\"icon\"></span>Jo\u00e3o Alberto de Oliveira Lima</a><a class=\"anchor\" href=\"https://colab.interlegis.leg.br/wiki/VIEncontroGitec#Jo%C3%A3oAlbertodeOliveiraLima\" title=\"Link para esta se\u00e7\u00e3o\"></a></h3>\r\n<table class=\"wiki\">\r\n<tbody>\r\n<tr>\r\n<td><a href=\"http://colab.interlegis.leg.br/raw-attachment/wiki/VIEncontroGitec/joaolima.png\"><img alt=\"http://colab.interlegis.leg.br/raw-attachment/wiki/VIEncontroGitec/joaolima.png\" src=\"http://colab.interlegis.leg.br/raw-attachment/wiki/VIEncontroGitec/joaolima.png\" title=\"http://colab.interlegis.leg.br/raw-attachment/wiki/VIEncontroGitec/joaolima.png\" /></a></td>\r\n<td>Jo\u00e3o Lima possui gradua\u00e7\u00e3o em Ci\u00eancia da Computa\u00e7\u00e3o pela UFPB, mestrado em Engenharia de Software pela UnB, e doutorado em Ci\u00eancia da Informa\u00e7\u00e3o pela UnB com est\u00e1gio na Universidade de Bolonha, It\u00e1lia. Desde 1995, trabalha no Prodasen e, desde 2007, contribui com a C\u00e2mara T\u00e9cnica de Documentos Eletr\u00f4nicos do Conselho Nacional de Arquivos. \u00c9 l\u00edder do projeto LexML (www.lexml.gov.br). Seguir\u00a0<a class=\"ext-link\" href=\"http://twitter.com/joaoli13\"><span class=\"icon\"></span>@joaoli13</a></td>\r\n</tr>\r\n</tbody>\r\n</table>\r\n<h3 id=\"Jos\u00e9AugustoParreirasdeOliveira\"><a class=\"ext-link\" href=\"http://www.ad-infinitum.com.br/\"><span class=\"icon\"></span>Jos\u00e9 Augusto Parreiras de Oliveira</a><a class=\"anchor\" href=\"https://colab.interlegis.leg.br/wiki/VIEncontroGitec#Jos%C3%A9AugustoParreirasdeOliveira\" title=\"Link para esta se\u00e7\u00e3o\"></a></h3>\r\n<table class=\"wiki\">\r\n<tbody>\r\n<tr>\r\n<td><a href=\"http://colab.interlegis.leg.br/raw-attachment/wiki/VIEncontroGitec/jose.png\"><img alt=\"http://colab.interlegis.leg.br/raw-attachment/wiki/VIEncontroGitec/jose.png\" src=\"http://colab.interlegis.leg.br/raw-attachment/wiki/VIEncontroGitec/jose.png\" title=\"http://colab.interlegis.leg.br/raw-attachment/wiki/VIEncontroGitec/jose.png\" /></a></td>\r\n<td>Graduado em Administra\u00e7\u00e3o, especializa\u00e7\u00e3o em organiza\u00e7\u00e3o, sistemas e M\u00e9todos e em Gest\u00e3o da Criatividade. Formado como facilitador na metodologia CPS (Creative Problem Solving) pela Creative Education Foundation, Buffalo State College. Trabalhou 27 anos no Prodasen, onde ocupou diversos cargos inclusive Diretor da Assessoria e Diretor Executivo Adjunto. Aposentou-se pelo Senado e atualmente \u00e9 Diretor Executivo da empresa Ad Infinitum Solu\u00e7\u00f5es.</td>\r\n</tr>\r\n</tbody>\r\n</table>\r\n<h3 id=\"M\u00e1rcioMazza\">M\u00e1rcio Mazza<a class=\"anchor\" href=\"https://colab.interlegis.leg.br/wiki/VIEncontroGitec#M%C3%A1rcioMazza\" title=\"Link para esta se\u00e7\u00e3o\"></a></h3>\r\n<table class=\"wiki\">\r\n<tbody>\r\n<tr>\r\n<td><a href=\"http://colab.interlegis.leg.br/raw-attachment/wiki/VIEncontroGitec/mazza.png\"><img alt=\"http://colab.interlegis.leg.br/raw-attachment/wiki/VIEncontroGitec/mazza.png\" src=\"http://colab.interlegis.leg.br/raw-attachment/wiki/VIEncontroGitec/mazza.png\" title=\"http://colab.interlegis.leg.br/raw-attachment/wiki/VIEncontroGitec/mazza.png\" /></a></td>\r\n<td>Bacharel em Computa\u00e7\u00e3o e mestre em Matem\u00e1tica pela Universidade Federal do Cear\u00e1. Analista de Inform\u00e1tica do Senado Federal, no Programa Interlegis. Membro ativo da comunidade Plone. Entusiasta do Software Livre, M\u00e9todos \u00c1geis, Python, Emacs e Git. Seguir\u00a0<a class=\"ext-link\" href=\"http://twitter.com/marciomazza\"><span class=\"icon\"></span>@marciomazza</a></td>\r\n</tr>\r\n</tbody>\r\n</table>\r\n<h3 id=\"MarcosPiresdeCamargo\">Marcos Pires de Camargo<a class=\"anchor\" href=\"https://colab.interlegis.leg.br/wiki/VIEncontroGitec#MarcosPiresdeCamargo\" title=\"Link para esta se\u00e7\u00e3o\"></a></h3>\r\n<table class=\"wiki\">\r\n<tbody>\r\n<tr>\r\n<td><a href=\"http://colab.interlegis.leg.br/raw-attachment/wiki/VIEncontroGitec/marcos.png\"><img alt=\"http://colab.interlegis.leg.br/raw-attachment/wiki/VIEncontroGitec/marcos.png\" src=\"http://colab.interlegis.leg.br/raw-attachment/wiki/VIEncontroGitec/marcos.png\" title=\"http://colab.interlegis.leg.br/raw-attachment/wiki/VIEncontroGitec/marcos.png\" /></a></td>\r\n<td>P\u00f3s Graduando em Direito Constitucional, \u00e9 formado em Administra\u00e7\u00e3o Legislativa pela Universidade do Sul de Santa Catarina, \u00e9 servidor da C\u00e2mara Municipal da Est\u00e2ncia Tur\u00edstica de Ibi\u00fana - SP desde 1996. Atualmente \u00e9 respons\u00e1vel pela Secretaria de Processo Legislativo, onde atua organizando o processo Legislativo, bem como \u00e9 respons\u00e1vel pelos Servi\u00e7os e Produtos Interlegis na Casa. Trabalha com Portal da C\u00e2mara, incluindo os servi\u00e7os de Transmiss\u00e3o da TV C\u00e2mara Web e Portal Transpar\u00eancia. Vem trabalhando ativamente no treinamento do pessoal da C\u00e2mara auxiliando no uso das ferramentes Interlegis - SAPL e Portal Modelo. Seguir\u00a0<a class=\"ext-link\" href=\"http://facebook.com/glidersorriso\"><span class=\"icon\"></span>Marcos Camargo</a></td>\r\n</tr>\r\n</tbody>\r\n</table>\r\n<h3 id=\"Ses\u00f3strisVieira\">Ses\u00f3stris Vieira<a class=\"anchor\" href=\"https://colab.interlegis.leg.br/wiki/VIEncontroGitec#Ses%C3%B3strisVieira\" title=\"Link para esta se\u00e7\u00e3o\"></a></h3>\r\n<table class=\"wiki\">\r\n<tbody>\r\n<tr>\r\n<td><a href=\"http://colab.interlegis.leg.br/raw-attachment/wiki/VIEncontroGitec/sesos.png\"><img alt=\"http://colab.interlegis.leg.br/raw-attachment/wiki/VIEncontroGitec/sesos.png\" src=\"http://colab.interlegis.leg.br/raw-attachment/wiki/VIEncontroGitec/sesos.png\" title=\"http://colab.interlegis.leg.br/raw-attachment/wiki/VIEncontroGitec/sesos.png\" /></a></td>\r\n<td>Cientista da Computa\u00e7\u00e3o, trabalha com Tecnologia da Informa\u00e7\u00e3o em governo h\u00e1 26 anos. Foi gerente de inform\u00e1tica do Instituto Estadual de Florestas de Minas gerais, analista de sistemas da Prefeitura Municipal de Belo Horizonte e trabalhou no desenvolvimento do Portal de Internet do Minist\u00e9rio P\u00fablico de Minas Gerais. Atualmente \u00e9 Analista de Inform\u00e1tica Legislativa do Senado Federal lotado no Interlegis. Seguir\u00a0<a class=\"ext-link\" href=\"http://twitter.com/SesostrisVieira\"><span class=\"icon\"></span>@SesostrisVieira</a></td>\r\n</tr>\r\n</tbody>\r\n</table>\r\n<h3 id=\"ThiagoAthaydeViana\">Thiago Athayde Viana<a class=\"anchor\" href=\"https://colab.interlegis.leg.br/wiki/VIEncontroGitec#ThiagoAthaydeViana\" title=\"Link para esta se\u00e7\u00e3o\"></a></h3>\r\n<table class=\"wiki\">\r\n<tbody>\r\n<tr>\r\n<td><a href=\"http://colab.interlegis.leg.br/raw-attachment/wiki/VIEncontroGitec/popy.png\"><img alt=\"http://colab.interlegis.leg.br/raw-attachment/wiki/VIEncontroGitec/popy.png\" src=\"http://colab.interlegis.leg.br/raw-attachment/wiki/VIEncontroGitec/popy.png\" title=\"http://colab.interlegis.leg.br/raw-attachment/wiki/VIEncontroGitec/popy.png\" /></a></td>\r\n<td>Servidor P\u00fablico Municipal da C\u00e2mara Municipal de Cachoeiro de Itapemirim - ES h\u00e1 15 anos. Supervisor de TI da C\u00e2mara Municipal. Bacharel em Direito. Participou do PPM.Parceiro do Interlegis desde 1999 e Usu\u00e1rio GNU/Linux Ubuntu. Seguir\u00a0<a class=\"ext-link\" href=\"http://twitter.com/thiagoathayde\"><span class=\"icon\"></span>@thiagoathayde</a></td>\r\n</tr>\r\n</tbody>\r\n</table>\r\n<hr />\r\n<h2 id=\"Infraestruturahospedagemtransporteedicas\">Infraestrutura, hospedagem, transporte e dicas<a class=\"anchor\" href=\"https://colab.interlegis.leg.br/wiki/VIEncontroGitec#Infraestruturahospedagemtransporteedicas\" title=\"Link para esta se\u00e7\u00e3o\"></a></h2>\r\n<p>Conhe\u00e7a Bras\u00edlia:\u00a0<a class=\"ext-link\" href=\"http://pt.wikipedia.org/wiki/Bras%C3%ADlia\"><span class=\"icon\"></span>http://pt.wikipedia.org/wiki/Bras\u00edlia</a></p>\r\n<h3 id=\"Hot\u00e9is\">Hot\u00e9is<a class=\"anchor\" href=\"https://colab.interlegis.leg.br/wiki/VIEncontroGitec#Hot%C3%A9is\" title=\"Link para esta se\u00e7\u00e3o\"></a></h3>\r\n<ul>\r\n<li><a class=\"ext-link\" href=\"http://www.hotel.com.br/hoteis-em-brasilia.html\"><span class=\"icon\"></span>Lista de hot\u00e9is com foto</a></li>\r\n</ul>\r\n<blockquote>\r\n<p><strong>Obs</strong>: O setor hoteleiro\u00a0<strong>norte</strong>\u00a0fica mais pr\u00f3ximo do local do evento.</p>\r\n</blockquote>\r\n<blockquote>\r\n<p><strong>Obs2</strong>: Recomendamos fazer a reserva com anteced\u00eancia pois a rede hoteleira de Bras\u00edlia est\u00e1 sobrecarregada.</p>\r\n</blockquote>\r\n<h3 id=\"Transporte\">Transporte<a class=\"anchor\" href=\"https://colab.interlegis.leg.br/wiki/VIEncontroGitec#Transporte\" title=\"Link para esta se\u00e7\u00e3o\"></a></h3>\r\n<p>T\u00e1xi com desconto:</p>\r\n<ul>\r\n<li>T\u00e1xi Maranata (61) 3323-3900 e T\u00e1xi Alvorada: (61)3321-3030</li>\r\n<li>Bras\u00edlia R\u00e1dio T\u00e1xi - telefone: (61) 3344-3060 / 3344-1000</li>\r\n<li>Coobr\u00e1s R\u00e1dio T\u00e1xi - telefone: +55 (61) 3224-1000</li>\r\n<li><a class=\"ext-link\" href=\"http://www.rnp.br/capacitacao/sci/2005/informacoes.html\"><span class=\"icon\"></span>Outras informa\u00e7\u00f5es...</a></li>\r\n<li>Translado do aeroporto at\u00e9 a rodovi\u00e1ria:\r\n<ul>\r\n<li><a class=\"ext-link\" href=\"http://arquivos.interlegis.leg.br/interlegis/SPDT/engitec/translado-onibus.pdf\"><span class=\"icon\"></span>Tabela de hor\u00e1rios da TCB, que faz o trajeto Aeroporto JK / Centro com \u00f4nibus executivo</a></li>\r\n<li>T\u00e1xi - R$ 45,00 em m\u00e9dia a corrida do aeroporto at\u00e9 os setores hoteleiros</li>\r\n<li>Lota\u00e7\u00e3o - R$ 5,00 em m\u00e9dia do aeroporto at\u00e9 a rodovi\u00e1ria (pr\u00f3ximo aos setores hoteleiros</li>\r\n</ul>\r\n</li>\r\n<li><a class=\"ext-link\" href=\"http://vidasemcarro.blogspot.com/2009/07/taxi-para-o-aeroporto-nunca-mais.html\"><span class=\"icon\"></span>Dica sobre taxi em Bras\u00edlia - DF</a></li>\r\n</ul>\r\n<h3 id=\"Alimenta\u00e7\u00e3o\">Alimenta\u00e7\u00e3o<a class=\"anchor\" href=\"https://colab.interlegis.leg.br/wiki/VIEncontroGitec#Alimenta%C3%A7%C3%A3o\" title=\"Link para esta se\u00e7\u00e3o\"></a></h3>\r\n<ul>\r\n<li>Restaurantes da C\u00e2mara dos Deputados - Sem restri\u00e7\u00f5es de acesso a pessoal externo -\u00a0<a class=\"ext-link\" href=\"http://maps.google.com.br/maps/ms?ie=UTF8&amp;hq=&amp;hnear=Carneirinho+-+MG&amp;msa=0&amp;msid=116337486741096216436.000478a88153dde5086d3&amp;ll=-15.797822,-47.863948&amp;spn=0.004966,0.009645&amp;t=h&amp;z=17\"><span class=\"icon\"></span>veja o mapa</a></li>\r\n<li>Restaurante do Minist\u00e9rio das Comunica\u00e7\u00f5es - Aberto a pessoal externo ap\u00f3s as 13:00 hs -\u00a0<a class=\"ext-link\" href=\"http://maps.google.com.br/maps/ms?msid=208244904635118535874.000478a6d3dbc2df2ae07&amp;msa=0\"><span class=\"icon\"></span>veja o mapa</a></li>\r\n<li>Restaurante do Minist\u00e9rio da Justi\u00e7a - Aberto a pessoal externo ap\u00f3s as 13:00 hs -\u00a0<a class=\"ext-link\" href=\"http://maps.google.com.br/maps/ms?ie=UTF8&amp;hq=&amp;hnear=Carneirinho+-+MG&amp;msa=0&amp;msid=116337486741096216436.000478a6a26c07163a03f&amp;ll=-15.796291,-47.865158&amp;spn=0.001241,0.002411&amp;t=h&amp;z=19\"><span class=\"icon\"></span>veja o mapa</a></li>\r\n<li>Restaurante do STF - Aberto a pessoal externo ap\u00f3s as 13:00 hs -\u00a0<a class=\"ext-link\" href=\"http://maps.google.com.br/maps/ms?ie=UTF8&amp;hq=&amp;hnear=Carneirinho+-+MG&amp;msa=0&amp;msid=116337486741096216436.000478a908912139e2365&amp;ll=-15.799625,-47.863483&amp;spn=0.009271,0.013797&amp;t=h&amp;z=16\"><span class=\"icon\"></span>veja o mapa</a></li>\r\n<li>Restaurante do TCU - Aberto a pessoal externo ap\u00f3s as 13:30 hs -\u00a0<a class=\"ext-link\" href=\"http://maps.google.com.br/maps/ms?ie=UTF8&amp;hl=pt-BR&amp;msa=0&amp;msid=116337486741096216436.000478b90d54822698544&amp;ll=-15.799976,-47.863076&amp;spn=0.00927,0.013797&amp;t=h&amp;z=16\"><span class=\"icon\"></span>veja o mapa</a></li>\r\n</ul>\r\n<h3 id=\"Confraterniza\u00e7\u00f5es\">Confraterniza\u00e7\u00f5es<a class=\"anchor\" href=\"https://colab.interlegis.leg.br/wiki/VIEncontroGitec#Confraterniza%C3%A7%C3%B5es\" title=\"Link para esta se\u00e7\u00e3o\"></a></h3>\r\n<p>\u00a0</p>\r\n<ul>\r\n<li>Buscando uma maior intera\u00e7\u00e3o entre os participantes do evento e proporcionar op\u00e7\u00f5es para que aqueles que n\u00e3o conhe\u00e7am a cidade possam sair e descontrair a noite junto com colegas do evento, vamos ter confraterniza\u00e7\u00f5es di\u00e1rias e, claro, a nossa imperd\u00edvel CONFRATERNIZA\u00c7\u00c3O FINAL.</li>\r\n<li>No dia 25 de setembro - Quarta-Feira, nosso encontro ser\u00e1 no Restaurante Gordeixo, onde seremos recebidos com card\u00e1pio e pre\u00e7os especiais para o grupo;</li>\r\n<li>No dia 25 de setembro - Quinta-Feira, nosso encontro ser\u00e1 no Restaurante Primopiato, onde poderemos degustar de um delicioso rod\u00edzio de massas e pizzas a pre\u00e7o especial para o grupo;</li>\r\n<li>E a nossa tradicional confraterniza\u00e7\u00e3o final ser\u00e1 no dia 27 de setembro, das 12:00h \u00e0s 14:30h , a qual acontecer\u00e1 no restaurante\u00a0<a class=\"ext-link\" href=\"http://www.mangai.com.br/site/o-mangai/unidades/brasilia/\"><span class=\"icon\"></span>Mangai</a>, local que oferece uma excelente infraestrutura, com card\u00e1pio variado e decora\u00e7\u00e3o t\u00edpica.</li>\r\n</ul>\r\n<h3 id=\"Observa\u00e7\u00f5es\">Observa\u00e7\u00f5es<a class=\"anchor\" href=\"https://colab.interlegis.leg.br/wiki/VIEncontroGitec#Observa%C3%A7%C3%B5es\" title=\"Link para esta se\u00e7\u00e3o\"></a></h3>\r\n<ul>\r\n<li>Ser\u00e3o emitidos certificados de participa\u00e7\u00e3o para cada pessoa\u00a0<a class=\"ext-link\" href=\"http://portalh.interlegis.leg.br/inscreve_candidato_form?cod_evento=116\"><span class=\"icon\"></span>que se inscrever no evento</a>\u00a0e efetivamente participar;</li>\r\n<li>Haver\u00e1 lista de presen\u00e7a em cada palestra.</li>\r\n<li>Os certificado s\u00f3 ser\u00e3o entregues no encerramento do evento para o participante.</li>\r\n<li>O evento ser\u00e1\u00a0<a class=\"ext-link\" href=\"http://www.interlegis.gov.br/produtos_servicos/infra-estrutura/videoconferencia/videoconferencia-na-internet-ii/\"><span class=\"icon\"></span>transmitido ao vivo</a>\u00a0pela Internet ou\u00a0<a class=\"ext-link\" href=\"http://wm.interlegis.gov.br/interlegis_2\"><span class=\"icon\"></span>http://wm.interlegis.gov.br/interlegis_2</a></li>\r\n<li>Os v\u00eddeos ser\u00e3o gravados e disponibilizados para \"download\" posteriormente.</li>\r\n</ul>\r\n<h2 id=\"Tor\u00f3deid\u00e9iasbrainstormearquivodeinspira\u00e7\u00e3o\">Tor\u00f3 de id\u00e9ias (brainstorm e arquivo de inspira\u00e7\u00e3o)<a class=\"anchor\" href=\"https://colab.interlegis.leg.br/wiki/VIEncontroGitec#Tor%C3%B3deid%C3%A9iasbrainstormearquivodeinspira%C3%A7%C3%A3o\" title=\"Link para esta se\u00e7\u00e3o\"></a></h2>\r\n<ul>\r\n<li>Servidor de \u00e1udio Icecast para o streaming de \u00e1udio e poss\u00edvel tradu\u00e7\u00e3o em tempo real das palestras.</li>\r\n<li>Streaming de \u00e1udio e v\u00eddeo - cria\u00e7\u00e3o de servidor local e op\u00e7\u00f5es de servi\u00e7os externos - ustream/freedocast, etc. (sugest\u00e3o: Marcos Camargo).</li>\r\n<li>Streeming de \u00e1udio e V\u00eddeo - Sugest\u00e3o kit m\u00ednimo\u00a0<a class=\"missing wiki\">Hardware/Software?</a>\u00a0necess\u00e1rio para C\u00e2mara que est\u00e3o iniciando a transmiss\u00e3o. (Sugest\u00e3o: Nei).</li>\r\n<li>Minicurso cria\u00e7\u00e3o de Portal\u00a0<a class=\"missing wiki\">Transpar\u00eancia/Lei?</a>\u00a0de Acesso a Informa\u00e7\u00e3o e requisitos m\u00ednimos do Portal(sugest\u00e3o: Marcos Camargo).</li>\r\n<li>Integra\u00e7\u00e3o SAPL/Lexml - Palestra com informa\u00e7\u00f5es sobre os servi\u00e7os e formas de implementa\u00e7\u00e3o do LeXML (sugest\u00e3o: Marcos Camargo).</li>\r\n<li>Curso Apostilado passo a passo de instala\u00e7\u00e3o e configura\u00e7\u00e3o de Servidor Linux (<a class=\"missing wiki\">Rede/Internet/Intranet?</a>) bem como fontes de pesquisa (sites, livros, etc). (sugest\u00e3o: Marcos Camargo).</li>\r\n<li>SAPL 3.0: novas tecnologias e novas funcionalidades (sugest\u00e3o: Andr\u00e9 Brum da Silva).</li>\r\n<li>WIRELESS (minicurso) Configura\u00e7\u00e3o e seguran\u00e7a (sugest\u00e3o: Adilson Piva).</li>\r\n<li>Minicurso - Configura\u00e7\u00e3o de servidores de Portal Modelo e SAPL com Puppet (sugest\u00e3o: Gouveia).</li>\r\n<li>Mais palestras e minicursos sobre infraestrutura (sugest\u00e3o: J\u00falio - Interlegis).</li>\r\n<li><a class=\"missing wiki\">LexEdit?</a>\u00a0(minicurso): apresenta\u00e7\u00e3o, usos, configura\u00e7\u00e3o, escalabilidade, extens\u00f5es dispon\u00edveis (sugest\u00e3o: Giovana).</li>\r\n<li>Palestra com o Tema: Informa\u00e7\u00e3o, Comunica\u00e7\u00e3o e Gest\u00e3o do Conhecimento. O caso da C\u00e2mara de Espera Feliz/MG. PALESTRANTES: Nilton Cezar Martins, Maria C\u00e2ndida Grillo e Adriano Ribeiro. Objetivo: Levar ao conhecimento dos participantes a import\u00e2ncia dos temas propostos para desenvolvimento dos trabalhos em geral das Casas Legislativas. Dar exemplo para servidores e vereadores de C\u00e2maras Municipais e demais entidades p\u00fablicas que \u00e9 poss\u00edvel modernizar sua organiza\u00e7\u00e3o superando as dificuldades cotidianas.</li>\r\n<li>Minicurso com o tema: Incrementando o Portal Modelo - Como colocar banner, slideshow, bot\u00f5es e fotografias - Adriano Ribeiro</li>\r\n<li>Minicurso com o tema: Colocando not\u00edcias, pastas, links, arquivos e outros conte\u00fados com especialidade no Portal Modelo - Maria C\u00e2ndida Grillo</li>\r\n<li>Minicurso com o tema: Estruturando e Abastecendo o SAPL com especialidade - Nilton Cezar Martins.</li>\r\n<li>Algo relacionado a espionagem digital (sugest\u00e3o: Angelo Marcondes)</li>\r\n<li>Democracia digital (sugest\u00e3o: Andr\u00e9 Brum da Silva)</li>\r\n<li>Potencialidades do Portal Modelo no que tange a Transpar\u00eancia P\u00fablica (sugest\u00e3o: Nilton Cezar Martins) ----</li>\r\n</ul>\r\n<p><a href=\"http://twitter.com/encontrogitec\" target=\"_blank\" title=\"Sig a-me no Twitter\"><img src=\"http://colab.interlegis.leg.br/raw-attachment/wiki/VEncontroGitec/twitter.png\" /></a><span>\u00a0</span><a href=\"https://picasaweb.google.com/109794535907915031604\" target=\"_blank\" title=\"Siga-me no Picasa\"><img src=\"http://colab.interlegis.leg.br/raw-attachment/wiki/VEncontroGitec/picassa.png\" /></a><span>\u00a0</span><a href=\"http://facebook.com/encontrodogitec.interlegis\" target=\"_blank\" title=\"Siga-me no Facebook\"><img src=\"http://colab.interlegis.leg.br/raw-attachment/wiki/VEncontroGitec/facebook.png\" /></a><span>\u00a0</span><a href=\"https://plus.google.com/101333964725036322614/posts\" target=\"_blank\" title=\"Siga-me no Google Plus\"><img src=\"http://colab.interlegis.leg.br/raw-attachment/wiki/VEncontroGitec/googleplus.png\" /></a></p>\r\n<h2 id=\"FotosdoEvento\">Fotos do Evento<a class=\"anchor\" href=\"https://colab.interlegis.leg.br/wiki/VIEncontroGitec#FotosdoEvento\" title=\"Link para esta se\u00e7\u00e3o\"></a></h2>\r\n<ul>\r\n<li><a class=\"ext-link\" href=\"https://picasaweb.google.com/encontrogitec/VIEngitecOrgDay?authkey=Gv1sRgCJ3pwLrBmbjzGQ\">Primeiro dia</a></li>\r\n<li><a class=\"ext-link\" href=\"https://picasaweb.google.com/encontrogitec/VIEngitec2Dia?authkey=Gv1sRgCNravefjz8Wa0QE\">Segundo dia</a></li>\r\n<li><a class=\"ext-link\" href=\"https://picasaweb.google.com/encontrogitec/VIEngitec3Dia?authkey=Gv1sRgCMv9xpbynvPhQA\">Terceiro dia</a></li>\r\n</ul>\r\n<p>\u00a0</p>\r\n<p><img src=\"https://engitec.interlegis.leg.br/engitec/edicoes/imagens/engitec_pq.jpg\" alt=\"\" class=\"image-inline\" title=\"\" /></p>", "author_name": "Layzzinha", "version": "1.0", "author_url": "https://engitec.interlegis.leg.br/author/Layzzinha", "provider_name": "Portal do GITEC", "type": "rich"}