{"provider_url": "https://engitec.interlegis.leg.br", "title": "5\u00ba EnGITEC A Lei de Acesso \u00e0 Informa\u00e7\u00e3o e o papel da TI nas Casas Legislativas - e 4\u00ba Plone Symposium South America", "html": "<table class=\"invisible\">\r\n<tbody>\r\n<tr><th><img src=\"https://engitec.interlegis.leg.br/engitec/edicoes/imagens/engiteclogomedio.png/@@images/d054c925-6afe-4f57-acb9-eb7028302833.png\" alt=\"\" class=\"image-inline\" title=\"\" /></th><th><img src=\"https://engitec.interlegis.leg.br/engitec/edicoes/imagens/pssaa.png/@@images/60f6dc73-8227-49fd-ba49-373dab398323.png\" alt=\"\" class=\"image-inline\" title=\"\" /></th><th>\r\n<p><img src=\"https://engitec.interlegis.leg.br/engitec/edicoes/imagens/sprintploneorg.png/@@images/1769f9d3-4486-4c92-8b60-b5428f28d4b2.png\" alt=\"\" class=\"image-inline\" title=\"\" /></p>\r\n</th></tr>\r\n<tr>\r\n<td>\r\n<p><b>V Encontro Nacional do GITEC</b></p>\r\n<p>Dias 20, 21 e 22 de agosto de 2012.</p>\r\n</td>\r\n<td>\r\n<p><b><a href=\"http://www.plonesymposium.com.br/\">Plone Symposium South America </a></b></p>\r\n<p>Dias 22, 23 e 24 de agosto de 2012.</p>\r\n</td>\r\n<td>\r\n<p><b>Sprint</b></p>\r\n<p>Dias 25 e 26 de agosto de 2012.</p>\r\n</td>\r\n</tr>\r\n</tbody>\r\n</table>\r\n<h2></h2>\r\n<h2>Local<a class=\"anchor\" href=\"https://colab.interlegis.leg.br/wiki/VEncontroGitec#Local\" title=\"Link para esta se\u00e7\u00e3o\"></a></h2>\r\n<ul>\r\n<li>Audit\u00f3rio Senador Ant\u00f4nio Carlos Magalh\u00e3es</li>\r\n<li>Sede do\u00a0<a class=\"ext-link\" href=\"http://www.interlegis.leg.br/\"><span class=\"icon\"></span>Programa Interlegis</a>\u00a0- Anexo E do Senado Federal</li>\r\n<li>Bras\u00edlia - DF (<a class=\"ext-link\" href=\"http://maps.google.com.br/maps/ms?ie=UTF8&amp;hl=pt-BR&amp;msa=0&amp;msid=116337486741096216436.000477021846c5958d3c5&amp;ll=-15.796275,-47.864725&amp;spn=0.00112,0.002411&amp;t=h&amp;z=19\"><span class=\"icon\"></span>veja local no mapa</a>)</li>\r\n</ul>\r\n<h2 id=\"Programa\u00e7\u00e3o\">Programa\u00e7\u00e3o<a class=\"anchor\" href=\"https://colab.interlegis.leg.br/wiki/VEncontroGitec#Programa%C3%A7%C3%A3o\" title=\"Link para esta se\u00e7\u00e3o\"></a></h2>\r\n<table class=\"wiki\">\r\n<tbody>\r\n<tr>\r\n<td><a class=\"wiki\" href=\"https://colab.interlegis.leg.br/wiki/VEncontroGitec#Gradedepalestras\">Palestras</a></td>\r\n<td><a class=\"wiki\" href=\"https://colab.interlegis.leg.br/wiki/VEncontroGitec#Minicursos\">Mini cursos</a></td>\r\n<td><a class=\"wiki\" href=\"https://colab.interlegis.leg.br/wiki/VEncontroGitec#Palestrasrel%C3%A2mpagos\">Palestras rel\u00e2mpagos</a></td>\r\n<td><a class=\"wiki\" href=\"https://colab.interlegis.leg.br/wiki/VEncontroGitec#InstallFest\">Install Fest</a></td>\r\n<td><a class=\"wiki\" href=\"https://colab.interlegis.leg.br/wiki/VEncontroGitec#Espa%C3%A7osabertos\">Espa\u00e7os Abertos</a></td>\r\n</tr>\r\n</tbody>\r\n</table>\r\n<hr />\r\n<h2 id=\"Gradedepalestras\">Grade de palestras<a class=\"anchor\" href=\"https://colab.interlegis.leg.br/wiki/VEncontroGitec#Gradedepalestras\" title=\"Link para esta se\u00e7\u00e3o\"></a></h2>\r\n<h3 id=\"a1\u00baDia-20deAgosto-segunda-feira\">1\u00ba Dia - 20 de Agosto - segunda-feira<a class=\"anchor\" href=\"https://colab.interlegis.leg.br/wiki/VEncontroGitec#a1%C2%BADia-20deAgosto-segunda-feira\" title=\"Link para esta se\u00e7\u00e3o\"></a></h3>\r\n<table class=\"wiki\">\r\n<tbody>\r\n<tr>\r\n<td><strong>In\u00edcio</strong></td>\r\n<td><strong>Tema</strong></td>\r\n<td><strong>Palestrante</strong></td>\r\n<td><strong>Institui\u00e7\u00e3o</strong></td>\r\n<td><strong>V\u00eddeo da Palestra</strong></td>\r\n</tr>\r\n<tr>\r\n<td>13h</td>\r\n<td colspan=\"4\"><em>Credenciamento</em></td>\r\n</tr>\r\n<tr>\r\n<td>14h</td>\r\n<td><em>Abertura do EnGITEC</em></td>\r\n<td>Haroldo Tajra, Ricardo Ramos, Angelo Marcondes e Eduardo Ishida</td>\r\n<td><a class=\"ext-link\" href=\"http://www.interlegis.leg.br/\"><span class=\"icon\"></span>Interlegis</a>,\u00a0<a class=\"ext-link\" href=\"http://www.interlegis.leg.br/\"><span class=\"icon\"></span>Interlegis</a>,\u00a0<a class=\"ext-link\" href=\"http://www.carneirinho.mg.leg.br/\"><span class=\"icon\"></span>C.M. de Carneirinho</a>\u00a0e\u00a0<a class=\"ext-link\" href=\"http://www.camararibeiraopreto.sp.gov.br/\"><span class=\"icon\"></span>C.M. de Ribeir\u00e3o Preto</a></td>\r\n<td><a class=\"ext-link\" href=\"http://youtu.be/vTeD98V4Lh8\"><span class=\"icon\"></span>assistir</a>\u00a0|\u00a0<a class=\"ext-link\" href=\"http://arquivos.interlegis.leg.br/interlegis/video/V_Encontro_GITEC/gitec5-abertura.wmv\"><span class=\"icon\"></span>download</a></td>\r\n</tr>\r\n<tr>\r\n<td>14h30</td>\r\n<td><strong>Rede Social do Legislativo</strong></td>\r\n<td><a class=\"wiki\" href=\"https://colab.interlegis.leg.br/wiki/VEncontroGitec#WagnerTeixeira\">Wagner Teixeira</a></td>\r\n<td><a class=\"ext-link\" href=\"http://www.interlegis.leg.br/\"><span class=\"icon\"></span>Interlegis</a></td>\r\n<td><a class=\"ext-link\" href=\"http://youtu.be/R6mIZzuKxQg\"><span class=\"icon\"></span>assistir</a>\u00a0|\u00a0<a class=\"ext-link\" href=\"http://arquivos.interlegis.leg.br/interlegis/video/V_Encontro_GITEC/gitec5-rede-social-legislativo.wmv\"><span class=\"icon\"></span>download</a></td>\r\n</tr>\r\n<tr>\r\n<td>15h</td>\r\n<td><strong>Dos servi\u00e7os de atendimento \u00e0s plataformas de co-cria\u00e7\u00e3o nos ecossistemas legislativos: como instrumentalizar os Dados Abertos para criar oportunidades de colabora\u00e7\u00e3o com a sociedade</strong></td>\r\n<td><a class=\"wiki\" href=\"https://colab.interlegis.leg.br/wiki/VEncontroGitec#H%C3%A9lioTeixeira\">H\u00e9lio Teixeira</a></td>\r\n<td><a class=\"ext-link\" href=\"http://institutoht.com.br/\"><span class=\"icon\"></span>Instituto H\u00e9lio Teixeira</a></td>\r\n<td><a class=\"ext-link\" href=\"http://youtu.be/f9Y5byaChes\"><span class=\"icon\"></span>assistir</a>\u00a0|\u00a0<a class=\"ext-link\" href=\"http://arquivos.interlegis.leg.br/interlegis/video/V_Encontro_GITEC/gitec5-como-instrumentalizar-dados-abertos.wmv\"><span class=\"icon\"></span>download</a></td>\r\n</tr>\r\n<tr>\r\n<td>16h</td>\r\n<td colspan=\"4\"><em>Intervalo - coffee-break</em></td>\r\n</tr>\r\n<tr>\r\n<td>16h30</td>\r\n<td><strong>Programando com Python - do GIMP at\u00e9 a Web</strong></td>\r\n<td><a class=\"wiki\" href=\"https://colab.interlegis.leg.br/wiki/VEncontroGitec#RamiroLuz\">Ramiro Luz</a></td>\r\n<td><a class=\"ext-link\" href=\"http://www.curitiba.leg.br/\"><span class=\"icon\"></span>C\u00e2mara Municipal de Curitiba - PR</a></td>\r\n<td><a class=\"ext-link\" href=\"http://youtu.be/YURDh5WNp8k\"><span class=\"icon\"></span>assistir</a>\u00a0|\u00a0<a class=\"ext-link\" href=\"http://arquivos.interlegis.leg.br/interlegis/video/V_Encontro_GITEC/gitec5-programando-python.wmv\"><span class=\"icon\"></span>download</a></td>\r\n</tr>\r\n<tr>\r\n<td>17h30</td>\r\n<td><strong>Mem\u00f3ria Legislativa do C\u00f3digo Civil: um estudo de caso</strong></td>\r\n<td><a class=\"wiki\" href=\"https://colab.interlegis.leg.br/wiki/VEncontroGitec#Jo%C3%A3oOliveiraLima\">Jo\u00e3o Oliveira Lima</a></td>\r\n<td><a class=\"ext-link\" href=\"http://www.senado.leg.br/\"><span class=\"icon\"></span>Senado Federal</a></td>\r\n<td><a class=\"ext-link\" href=\"http://youtu.be/lbBH23xmLZk\"><span class=\"icon\"></span>assistir</a>\u00a0|\u00a0<a class=\"ext-link\" href=\"http://arquivos.interlegis.leg.br/interlegis/video/V_Encontro_GITEC/gitec5-memoria-legislativa-codigo-civil.wmv\"><span class=\"icon\"></span>download</a></td>\r\n</tr>\r\n</tbody>\r\n</table>\r\n<h3 id=\"a2\u00baDia-21deAgosto-ter\u00e7a-feira\">2\u00ba Dia - 21 de Agosto - ter\u00e7a-feira<a class=\"anchor\" href=\"https://colab.interlegis.leg.br/wiki/VEncontroGitec#a2%C2%BADia-21deAgosto-ter%C3%A7a-feira\" title=\"Link para esta se\u00e7\u00e3o\"></a></h3>\r\n<table class=\"wiki\">\r\n<tbody>\r\n<tr>\r\n<td><strong>In\u00edcio</strong></td>\r\n<td><strong>Tema</strong></td>\r\n<td><strong>Palestrante</strong></td>\r\n<td><strong>Institui\u00e7\u00e3o</strong></td>\r\n<td><strong>V\u00eddeo da Palestra</strong></td>\r\n</tr>\r\n<tr>\r\n<td>09h</td>\r\n<td><strong>Transpar\u00eancia p\u00fablica: argumentos para a tomada de decis\u00e3o ao gestor p\u00fablico pela ado\u00e7\u00e3o do SAPL em Casas Legislativas de pequeno porte</strong></td>\r\n<td><a class=\"wiki\" href=\"https://colab.interlegis.leg.br/wiki/VEncontroGitec#FranciscoXavierSoaresFilho\">Francisco Xavier Soares Filho</a></td>\r\n<td><a class=\"ext-link\" href=\"http://www.camaraitapoa.sc.gov.br/\"><span class=\"icon\"></span>C\u00e2mara Municipal de Itapo\u00e1 - SC</a></td>\r\n<td><a class=\"ext-link\" href=\"http://youtu.be/JvIieHvlTkA\"><span class=\"icon\"></span>assistir</a>\u00a0|\u00a0<a class=\"ext-link\" href=\"http://arquivos.interlegis.leg.br/interlegis/video/V_Encontro_GITEC/gitec5-transparencia-publica.wmv\"><span class=\"icon\"></span>download</a></td>\r\n</tr>\r\n<tr>\r\n<td>10h</td>\r\n<td><strong>Introdu\u00e7\u00e3o ao Open Data - conceitos, oportunidades e perspectivas</strong>\u00a0(<a class=\"attachment\" href=\"https://colab.interlegis.leg.br/attachment/wiki/VEncontroGitec/introducao-open-data.pdf\" title=\"Anexo 'introducao-open-data.pdf' em VEncontroGitec\">apresenta\u00e7\u00e3o</a><a class=\"trac-rawlink\" href=\"https://colab.interlegis.leg.br/raw-attachment/wiki/VEncontroGitec/introducao-open-data.pdf\" title=\"Download\"></a>)</td>\r\n<td><a class=\"wiki\" href=\"https://colab.interlegis.leg.br/wiki/VEncontroGitec#AlexandreGomes\">Alexandre Gomes</a></td>\r\n<td><a class=\"ext-link\" href=\"http://www.seatecnologia.com.br/\"><span class=\"icon\"></span>SEA Tecnologia</a>\u00a0/\u00a0<a class=\"ext-link\" href=\"http://thacker.com.br/\"><span class=\"icon\"></span>THacker</a></td>\r\n<td><a class=\"ext-link\" href=\"http://youtu.be/O92zPRl43e0\"><span class=\"icon\"></span>assistir</a>\u00a0|\u00a0<a class=\"ext-link\" href=\"http://arquivos.interlegis.leg.br/interlegis/video/V_Encontro_GITEC/gitec5-introducao-opendata.wmv\"><span class=\"icon\"></span>download</a></td>\r\n</tr>\r\n<tr>\r\n<td>11h</td>\r\n<td><strong>Dados Abertos e a Lei de Acesso \u00e0 Informa\u00e7\u00e3o</strong>(<a class=\"attachment\" href=\"https://colab.interlegis.leg.br/attachment/wiki/VEncontroGitec/dados-abertos-gov.pdf\" title=\"Anexo 'dados-abertos-gov.pdf' em VEncontroGitec\">apresenta\u00e7\u00e3o 1</a><a class=\"trac-rawlink\" href=\"https://colab.interlegis.leg.br/raw-attachment/wiki/VEncontroGitec/dados-abertos-gov.pdf\" title=\"Download\"></a>,\u00a0<a class=\"attachment\" href=\"https://colab.interlegis.leg.br/attachment/wiki/VEncontroGitec/dados-abertos-senado.pdf\" title=\"Anexo 'dados-abertos-senado.pdf' em VEncontroGitec\">apresenta\u00e7\u00e3o 2</a><a class=\"trac-rawlink\" href=\"https://colab.interlegis.leg.br/raw-attachment/wiki/VEncontroGitec/dados-abertos-senado.pdf\" title=\"Download\"></a>)</td>\r\n<td><a class=\"wiki\" href=\"https://colab.interlegis.leg.br/wiki/VEncontroGitec#CorintoMeffe\">Corinto Meffe</a>\u00a0e Danielle Belga Sedlmaier</td>\r\n<td><a class=\"ext-link\" href=\"http://www.planejamento.gov.br/\"><span class=\"icon\"></span>Minist\u00e9rio do Planejamento</a>,\u00a0<a class=\"ext-link\" href=\"http://www.senado.leg.br/\"><span class=\"icon\"></span>Senado Federal</a></td>\r\n<td><a class=\"ext-link\" href=\"http://youtu.be/Gb1ujLO0HEg\"><span class=\"icon\"></span>assistir 1</a>\u00a0<a class=\"ext-link\" href=\"http://youtu.be/pWZHT8gp5I4\"><span class=\"icon\"></span>assistir 2</a>\u00a0|\u00a0<a class=\"ext-link\" href=\"http://arquivos.interlegis.leg.br/interlegis/video/V_Encontro_GITEC/gitec5-dados-abertos-lei-acesso-informacao1.wmv\"><span class=\"icon\"></span>download 1</a>\u00a0<a class=\"ext-link\" href=\"http://arquivos.interlegis.leg.br/interlegis/video/V_Encontro_GITEC/gitec5-dados-abertos-lei-acesso-informacao2.wmv\"><span class=\"icon\"></span>download 2</a></td>\r\n</tr>\r\n<tr>\r\n<td>12h</td>\r\n<td colspan=\"4\"><em>Intervalo - almo\u00e7o</em></td>\r\n</tr>\r\n<tr>\r\n<td>14h</td>\r\n<td><strong>O Portal e-Democracia, hist\u00f3rico, evolu\u00e7\u00e3o e resultados</strong>\u00a0(<a class=\"attachment\" href=\"https://colab.interlegis.leg.br/attachment/wiki/VEncontroGitec/e-democracia.pdf\" title=\"Anexo 'e-democracia.pdf' em VEncontroGitec\">apresenta\u00e7\u00e3o</a><a class=\"trac-rawlink\" href=\"https://colab.interlegis.leg.br/raw-attachment/wiki/VEncontroGitec/e-democracia.pdf\" title=\"Download\"></a>)</td>\r\n<td><a class=\"wiki\" href=\"https://colab.interlegis.leg.br/wiki/VEncontroGitec#AlessandraM%C3%BCllerGuerra\">Alessandra M\u00fcller Guerra</a>\u00a0e\u00a0<a class=\"wiki\" href=\"https://colab.interlegis.leg.br/wiki/VEncontroGitec#RobsonPaniagodeMiranda\">Robson Paniago de Miranda</a></td>\r\n<td><a class=\"ext-link\" href=\"http://www.camara.leg.br/\"><span class=\"icon\"></span>C\u00e2mara dos Deputados</a></td>\r\n<td><a class=\"ext-link\" href=\"http://youtu.be/ZZDI5kZuY5k\"><span class=\"icon\"></span>assistir</a>\u00a0|\u00a0<a class=\"ext-link\" href=\"http://arquivos.interlegis.leg.br/interlegis/video/V_Encontro_GITEC/gitec5-portal-edemocracia.wmv\"><span class=\"icon\"></span>download</a></td>\r\n</tr>\r\n<tr>\r\n<td>15h</td>\r\n<td><strong>Estudo de caso: A moderniza\u00e7\u00e3o da C\u00e2mara Municipal de Ouro Preto</strong></td>\r\n<td><a class=\"wiki\" href=\"https://colab.interlegis.leg.br/wiki/VEncontroGitec#RafaelAnt%C3%B4nioMarquesGomes\">Rafael Ant\u00f4nio Marques Gomes</a></td>\r\n<td><a class=\"ext-link\" href=\"http://www.cmop.mg.gov.br/\"><span class=\"icon\"></span>C\u00e2mara Municipal de Ouro Preto - MG</a></td>\r\n<td><a class=\"ext-link\" href=\"http://youtu.be/cAZa6hlYr5w\"><span class=\"icon\"></span>assistir</a>\u00a0|\u00a0<a class=\"ext-link\" href=\"http://arquivos.interlegis.leg.br/interlegis/video/V_Encontro_GITEC/gitec5-modernizacao-ouro-preto.wmv\"><span class=\"icon\"></span>download</a></td>\r\n</tr>\r\n<tr>\r\n<td>16h</td>\r\n<td colspan=\"4\"><em>Intervalo - coffee-break</em></td>\r\n</tr>\r\n<tr>\r\n<td>16h30</td>\r\n<td><strong>Mesa redonda: A Lei de Acesso \u00e0 Informa\u00e7\u00e3o e o papel da TI nas Casas Legislativas</strong></td>\r\n<td><a class=\"wiki\" href=\"https://colab.interlegis.leg.br/wiki/VEncontroGitec#AngeloMarcondesdeOliveiraNeto\">Angelo Marcondes de Oliveira Neto</a>,\u00a0<a class=\"wiki\" href=\"https://colab.interlegis.leg.br/wiki/VEncontroGitec#EduardoIshida\">Eduardo Ishida</a>,\u00a0<a class=\"wiki\" href=\"https://colab.interlegis.leg.br/wiki/VEncontroGitec#AlziraFernandaOliveira\">Alzira Fernanda Oliveira</a>,\u00a0<a class=\"wiki\" href=\"https://colab.interlegis.leg.br/wiki/VEncontroGitec#JeanFerri\">Jean Ferri</a>\u00a0e\u00a0<a class=\"wiki\" href=\"https://colab.interlegis.leg.br/wiki/VEncontroGitec#AdrianaAugustoChaves\">Adriana Augusto Chaves</a></td>\r\n<td><a class=\"ext-link\" href=\"http://www.carneirinho.mg.leg.br/\"><span class=\"icon\"></span>C.M. de Carneirinho</a>,\u00a0<a class=\"ext-link\" href=\"http://www.camararibeiraopreto.sp.gov.br/\"><span class=\"icon\"></span>C.M. de Ribeir\u00e3o Preto</a>,\u00a0<a class=\"ext-link\" href=\"http://www.paracatu.mg.leg.br/\"><span class=\"icon\"></span>C.M. de Paracatu</a>,\u00a0<a class=\"ext-link\" href=\"http://www.interlegis.leg.br/\"><span class=\"icon\"></span>Interlegis</a>,\u00a0<a class=\"ext-link\" href=\"http://www.pirai.rj.leg.br/\"><span class=\"icon\"></span>C.M. de Pira\u00ed</a></td>\r\n<td><a class=\"ext-link\" href=\"http://youtu.be/3rhIuctWNQs\"><span class=\"icon\"></span>assistir</a>\u00a0|\u00a0<a class=\"ext-link\" href=\"http://arquivos.interlegis.leg.br/interlegis/video/V_Encontro_GITEC/gitec5-lei-acesso-informacao.wmv\"><span class=\"icon\"></span>download</a></td>\r\n</tr>\r\n<tr>\r\n<td>17h30</td>\r\n<td><strong><a class=\"ext-link\" href=\"http://colab.interlegis.leg.br/wiki/PalestrasRelampago\"><span class=\"icon\"></span>Palestras Rel\u00e2mpago</a></strong>\u00a0(<a class=\"attachment\" href=\"https://colab.interlegis.leg.br/attachment/wiki/VEncontroGitec/voip-interlegis.pdf\" title=\"Anexo 'voip-interlegis.pdf' em VEncontroGitec\">apresenta\u00e7\u00e3o 1</a><a class=\"trac-rawlink\" href=\"https://colab.interlegis.leg.br/raw-attachment/wiki/VEncontroGitec/voip-interlegis.pdf\" title=\"Download\"></a>)</td>\r\n<td><a class=\"wiki\" href=\"https://colab.interlegis.leg.br/wiki/VEncontroGitec#EduardoIshida\">Eduardo Ishida</a></td>\r\n<td><a class=\"ext-link\" href=\"http://www.camararibeiraopreto.sp.gov.br/\"><span class=\"icon\"></span>C\u00e2mara Municipal de Ribeir\u00e3o Preto</a></td>\r\n<td><a class=\"ext-link\" href=\"http://youtu.be/rKOBgyqJ9_0\"><span class=\"icon\"></span>assistir</a>\u00a0|\u00a0<a class=\"ext-link\" href=\"http://arquivos.interlegis.leg.br/interlegis/video/V_Encontro_GITEC/gitec5-palestas-relampago.wmv\"><span class=\"icon\"></span>download</a></td>\r\n</tr>\r\n</tbody>\r\n</table>\r\n<h3 id=\"a3\u00baDia-22deAgosto-quarta-feira\">3\u00ba Dia - 22 de Agosto - quarta-feira<a class=\"anchor\" href=\"https://colab.interlegis.leg.br/wiki/VEncontroGitec#a3%C2%BADia-22deAgosto-quarta-feira\" title=\"Link para esta se\u00e7\u00e3o\"></a></h3>\r\n<table class=\"wiki\">\r\n<tbody>\r\n<tr>\r\n<td><strong>In\u00edcio</strong></td>\r\n<td><strong>Tema</strong></td>\r\n<td><strong>Palestrante</strong></td>\r\n<td><strong>Institui\u00e7\u00e3o</strong></td>\r\n<td><strong>V\u00eddeo da Palestra</strong></td>\r\n</tr>\r\n<tr>\r\n<td>08h30</td>\r\n<td><em>Abertura do Plone Symposium</em></td>\r\n<td>Ricardo Ramos e \u00c9rico Andrei</td>\r\n<td><a class=\"ext-link\" href=\"http://www.interlegis.leg.br/\"><span class=\"icon\"></span>Interlegis</a>\u00a0e\u00a0<a class=\"ext-link\" href=\"http://plone.org/foundation\"><span class=\"icon\"></span>Plone Foundation</a></td>\r\n<td><a class=\"ext-link\" href=\"http://youtu.be/7zBp15ylwaM\"><span class=\"icon\"></span>assistir</a>\u00a0|\u00a0<a class=\"ext-link\" href=\"http://arquivos.interlegis.leg.br/interlegis/video/VideosPlone/PloneSymposium/pssa-abertura.wmv\"><span class=\"icon\"></span>download</a></td>\r\n</tr>\r\n<tr>\r\n<td>09h</td>\r\n<td><strong>Apresentando o Plone</strong></td>\r\n<td><a class=\"wiki\" href=\"https://colab.interlegis.leg.br/wiki/VEncontroGitec#%C3%89ricoAndrei\">\u00c9rico Andrei</a></td>\r\n<td><a class=\"ext-link\" href=\"http://www.simplesconsultoria.com.br/\"><span class=\"icon\"></span>Simples Consultoria</a></td>\r\n<td><a class=\"ext-link\" href=\"http://youtu.be/ym1Mt8MIS5U\"><span class=\"icon\"></span>assistir</a>\u00a0|\u00a0<a class=\"ext-link\" href=\"http://arquivos.interlegis.leg.br/interlegis/video/VideosPlone/PloneSymposium/gitec5-pssa-apresentando-plone.wmv\"><span class=\"icon\"></span>download</a></td>\r\n</tr>\r\n<tr>\r\n<td>10h</td>\r\n<td><strong>State of Plone</strong></td>\r\n<td><a class=\"wiki\" href=\"https://colab.interlegis.leg.br/wiki/VEncontroGitec#ElizabethLeddy\">Elizabeth Leddy</a></td>\r\n<td><a class=\"ext-link\" href=\"http://plone.org/foundation\"><span class=\"icon\"></span>Plone Foundation</a></td>\r\n<td><a class=\"ext-link\" href=\"http://youtu.be/pCbfmC3n1U8\"><span class=\"icon\"></span>assistir</a>\u00a0|\u00a0<a class=\"ext-link\" href=\"http://arquivos.interlegis.leg.br/interlegis/video/VideosPlone/PloneSymposium/gitec5-pssa-state-of-plone.wmv\"><span class=\"icon\"></span>download</a></td>\r\n</tr>\r\n<tr>\r\n<td>11h</td>\r\n<td><strong>Internacionalizaci\u00f3n de SAPL</strong></td>\r\n<td><a class=\"wiki\" href=\"https://colab.interlegis.leg.br/wiki/VEncontroGitec#LeonardoCaballero\">Leonardo Caballero</a></td>\r\n<td><a class=\"ext-link\" href=\"http://about.me/macagua\"><span class=\"icon\"></span>Consultor em E-gov, Venezuela</a></td>\r\n<td><a class=\"ext-link\" href=\"http://youtu.be/ccE4rGMBm1A\"><span class=\"icon\"></span>assistir</a>\u00a0|\u00a0<a class=\"ext-link\" href=\"http://arquivos.interlegis.leg.br/interlegis/video/VideosPlone/PloneSymposium/gitec5-pssa-internacionalizacion-sapl.wmv\"><span class=\"icon\"></span>download</a></td>\r\n</tr>\r\n<tr>\r\n<td>12h</td>\r\n<td colspan=\"4\"><em>Intervalo - almo\u00e7o</em></td>\r\n</tr>\r\n<tr>\r\n<td>15h</td>\r\n<td><strong>SPDO - Sistema de Protocolo de Documentos</strong></td>\r\n<td><a class=\"wiki\" href=\"https://colab.interlegis.leg.br/wiki/VEncontroGitec#FabianoWeimardosSantos\">Fabiano Weimar dos Santos</a></td>\r\n<td><a class=\"ext-link\" href=\"http://pytown.com/\"><span class=\"icon\"></span>Pytown</a></td>\r\n<td><a class=\"ext-link\" href=\"http://youtu.be/EKAkOeXugPc\"><span class=\"icon\"></span>assistir</a>\u00a0|\u00a0<a class=\"ext-link\" href=\"http://arquivos.interlegis.leg.br/interlegis/video/VideosPlone/PloneSymposium/gitec5-pssa-spdo-sistema-protocolo-documentos.wmv\"><span class=\"icon\"></span>download</a></td>\r\n</tr>\r\n<tr>\r\n<td>16h</td>\r\n<td><strong>Portal Interlegis</strong></td>\r\n<td><a class=\"wiki\" href=\"https://colab.interlegis.leg.br/wiki/VEncontroGitec#MarcioMazza\">Marcio Mazza</a></td>\r\n<td><a class=\"ext-link\" href=\"http://www.interlegis.leg.br/\"><span class=\"icon\"></span>Interlegis</a></td>\r\n<td><a class=\"ext-link\" href=\"http://youtu.be/9k0u3LahBrI\"><span class=\"icon\"></span>assistir</a>\u00a0|\u00a0<a class=\"ext-link\" href=\"http://arquivos.interlegis.leg.br/interlegis/video/VideosPlone/PloneSymposium/gitec5-pssa-portal-interlegis.wmv\"><span class=\"icon\"></span>download</a></td>\r\n</tr>\r\n<tr>\r\n<td>17h</td>\r\n<td colspan=\"4\"><em>Intervalo - coffee-break</em></td>\r\n</tr>\r\n<tr>\r\n<td>17h30</td>\r\n<td><strong>E-Cidadania</strong></td>\r\n<td><a class=\"wiki\" href=\"https://colab.interlegis.leg.br/wiki/VEncontroGitec#C%C3%A1ssioSilva\">C\u00e1ssio Silva</a></td>\r\n<td><a class=\"ext-link\" href=\"http://www.senado.leg.br/\"><span class=\"icon\"></span>Senado Federal</a></td>\r\n<td><a class=\"ext-link\" href=\"http://youtu.be/DcV8pxYaJIY\"><span class=\"icon\"></span>assistir</a>\u00a0|\u00a0<a class=\"ext-link\" href=\"http://arquivos.interlegis.leg.br/interlegis/video/VideosPlone/PloneSymposium/gitec5-pssa-ecidadania.wmv\"><span class=\"icon\"></span>download</a></td>\r\n</tr>\r\n</tbody>\r\n</table>\r\n<h3 id=\"a4\u00baDia-23deAgosto-quinta-feira\">4\u00ba Dia - 23 de Agosto - quinta-feira<a class=\"anchor\" href=\"https://colab.interlegis.leg.br/wiki/VEncontroGitec#a4%C2%BADia-23deAgosto-quinta-feira\" title=\"Link para esta se\u00e7\u00e3o\"></a></h3>\r\n<table class=\"wiki\">\r\n<tbody>\r\n<tr>\r\n<td><strong>In\u00edcio</strong></td>\r\n<td><strong>Tema</strong></td>\r\n<td><strong>Palestrante</strong></td>\r\n<td><strong>Institui\u00e7\u00e3o</strong></td>\r\n<td><strong>V\u00eddeo da Palestra</strong></td>\r\n</tr>\r\n<tr>\r\n<td>09h</td>\r\n<td><strong>Plone.api</strong></td>\r\n<td>Nejc Zupan</td>\r\n<td><a class=\"ext-link\" href=\"http://plone.org/foundation\"><span class=\"icon\"></span>Plone Foundation</a></td>\r\n<td><a class=\"ext-link\" href=\"http://youtu.be/2l3aN0uYN7s\"><span class=\"icon\"></span>assistir</a>\u00a0|\u00a0<a class=\"ext-link\" href=\"http://arquivos.interlegis.leg.br/interlegis/video/VideosPlone/PloneSymposium/pssa-plone-api.wmv\"><span class=\"icon\"></span>download</a></td>\r\n</tr>\r\n<tr>\r\n<td>10h</td>\r\n<td><strong>Migrando desde Joomla a Plone con Transmogrifier</strong></td>\r\n<td>Leonardo Caballero</td>\r\n<td><a class=\"ext-link\" href=\"http://plone.org.ve/\"><span class=\"icon\"></span>Plone Venezuela</a></td>\r\n<td><a class=\"ext-link\" href=\"http://youtu.be/KM3RZ7Cfhzw\"><span class=\"icon\"></span>assistir</a>\u00a0|\u00a0<a class=\"ext-link\" href=\"http://arquivos.interlegis.leg.br/interlegis/video/VideosPlone/PloneSymposium/pssa-migrando-desde-joomla-plone-con-transmogrifier.wmv\"><span class=\"icon\"></span>download</a></td>\r\n</tr>\r\n<tr>\r\n<td>11h</td>\r\n<td><strong><a class=\"missing wiki\">BatPlone?</a>\u00a0e Webservice: Uma dupla din\u00e2mica</strong>(<a class=\"attachment\" href=\"https://colab.interlegis.leg.br/attachment/wiki/VEncontroGitec/plone-webservice.pdf\" title=\"Anexo 'plone-webservice.pdf' em VEncontroGitec\">apresenta\u00e7\u00e3o</a><a class=\"trac-rawlink\" href=\"https://colab.interlegis.leg.br/raw-attachment/wiki/VEncontroGitec/plone-webservice.pdf\" title=\"Download\"></a>)</td>\r\n<td>F\u00e1bio Surrage de Medeiros</td>\r\n<td><a class=\"ext-link\" href=\"http://www.camara.leg.br/\"><span class=\"icon\"></span>C\u00e2mara dos Deputados</a></td>\r\n<td><a class=\"ext-link\" href=\"http://youtu.be/qFLNtu-SmQw\"><span class=\"icon\"></span>assistir</a>\u00a0|\u00a0<a class=\"ext-link\" href=\"http://arquivos.interlegis.leg.br/interlegis/video/VideosPlone/PloneSymposium/pssa-batplone-webservice.wmv\"><span class=\"icon\"></span>download</a></td>\r\n</tr>\r\n<tr>\r\n<td>12h</td>\r\n<td colspan=\"4\"><em>Intervalo - almo\u00e7o</em></td>\r\n</tr>\r\n<tr>\r\n<td>14h</td>\r\n<td><strong>PloneIDE: Un IDE para plonistas hecho por plonistas</strong></td>\r\n<td>Franco Pellegrini</td>\r\n<td><a class=\"ext-link\" href=\"http://ravvit.net/\"><span class=\"icon\"></span>Ravvit</a></td>\r\n<td><a class=\"ext-link\" href=\"http://youtu.be/sTa5m_-L17A\"><span class=\"icon\"></span>assistir</a>\u00a0|\u00a0<a class=\"ext-link\" href=\"http://arquivos.interlegis.leg.br/interlegis/video/VideosPlone/PloneSymposium/pssa-ploneide.wmv\"><span class=\"icon\"></span>download</a></td>\r\n</tr>\r\n<tr>\r\n<td>15h</td>\r\n<td><strong>Adaptando o Plone para plataformas m\u00f3veis</strong></td>\r\n<td>Fabiano Weimar dos Santos e Giuseppe Romagnoli</td>\r\n<td><a class=\"ext-link\" href=\"http://pytown.com/\"><span class=\"icon\"></span>Pytown</a>,\u00a0<a class=\"ext-link\" href=\"http://www.serpro.gov.br/\"><span class=\"icon\"></span>Serpro</a></td>\r\n<td><a class=\"ext-link\" href=\"http://youtu.be/FikMd7vdj7A\"><span class=\"icon\"></span>assistir</a>\u00a0|\u00a0<a class=\"ext-link\" href=\"http://arquivos.interlegis.leg.br/interlegis/video/VideosPlone/PloneSymposium/pssa-adaptando-plone-plataformas-moveis.wmv\"><span class=\"icon\"></span>download</a></td>\r\n</tr>\r\n<tr>\r\n<td>16h</td>\r\n<td colspan=\"4\"><em>Intervalo - coffee-break</em></td>\r\n</tr>\r\n<tr>\r\n<td>16h50</td>\r\n<td><strong>Varnish 3 e Plone 4, discutindo a rela\u00e7\u00e3o</strong></td>\r\n<td>Cleber J. Santos</td>\r\n<td><a class=\"ext-link\" href=\"http://www.simplesconsultoria.com.br/\"><span class=\"icon\"></span>Simples Consultoria</a></td>\r\n<td><a class=\"ext-link\" href=\"http://youtu.be/QxG6TItDCfg\"><span class=\"icon\"></span>assistir</a>\u00a0|\u00a0<a class=\"ext-link\" href=\"http://arquivos.interlegis.leg.br/interlegis/video/VideosPlone/PloneSymposium/pssa-varnish3-plone4-discutindo-relacao.wmv\"><span class=\"icon\"></span>download</a></td>\r\n</tr>\r\n<tr>\r\n<td>17h40</td>\r\n<td><strong>Publica\u00e7\u00e3o de dados para a web sem\u00e2ntica com Python</strong></td>\r\n<td>Eduardo Ferreira dos Santos</td>\r\n<td><a class=\"ext-link\" href=\"http://lightbase.com.br/\"><span class=\"icon\"></span>Lightbase Consultoria em Software P\u00fablico</a></td>\r\n<td><a class=\"ext-link\" href=\"http://youtu.be/Ad-PQXDeZJw\"><span class=\"icon\"></span>assistir</a>\u00a0|\u00a0<a class=\"ext-link\" href=\"http://arquivos.interlegis.leg.br/interlegis/video/VideosPlone/PloneSymposium/pssa-publicacao-dados-web-semantica-python.wmv\"><span class=\"icon\"></span>download</a></td>\r\n</tr>\r\n</tbody>\r\n</table>\r\n<h3 id=\"a5\u00baDia-24deAgosto-sexta-feira\">5\u00ba Dia - 24 de Agosto - sexta-feira<a class=\"anchor\" href=\"https://colab.interlegis.leg.br/wiki/VEncontroGitec#a5%C2%BADia-24deAgosto-sexta-feira\" title=\"Link para esta se\u00e7\u00e3o\"></a></h3>\r\n<table class=\"wiki\">\r\n<tbody>\r\n<tr>\r\n<td><strong>In\u00edcio</strong></td>\r\n<td><strong>Tema</strong></td>\r\n<td><strong>Palestrante</strong></td>\r\n<td><strong>Institui\u00e7\u00e3o</strong></td>\r\n<td><strong>V\u00eddeo da Palestra</strong></td>\r\n</tr>\r\n<tr>\r\n<td>09h</td>\r\n<td><strong>Lecciones aprendidas en 7 a\u00f1os de desarrollo Plone</strong></td>\r\n<td>Emanuel Sartor</td>\r\n<td><a class=\"ext-link\" href=\"http://menttes.com/\"><span class=\"icon\"></span>Menttes</a></td>\r\n<td><a class=\"ext-link\" href=\"http://youtu.be/qLWYqYfQop8\"><span class=\"icon\"></span>assistir</a>\u00a0|\u00a0<a class=\"ext-link\" href=\"http://arquivos.interlegis.leg.br/interlegis/video/VideosPlone/PloneSymposium/pssa-lecciones-aprendidas-en-7anos-desarrollo-plone.wmv\"><span class=\"icon\"></span>download</a></td>\r\n</tr>\r\n<tr>\r\n<td>10h</td>\r\n<td><strong>Desafios pr\u00e1ticos do Plone - Interliga\u00e7\u00e3o ao Oracle</strong></td>\r\n<td>Pablo Coelho Ferreira</td>\r\n<td><a class=\"ext-link\" href=\"http://www.produtivati.com.br/\"><span class=\"icon\"></span>Produtiva TI</a></td>\r\n<td><a class=\"ext-link\" href=\"http://youtu.be/27vpFcsFb0Q\"><span class=\"icon\"></span>assistir</a>\u00a0|\u00a0<a class=\"ext-link\" href=\"http://arquivos.interlegis.leg.br/interlegis/video/VideosPlone/PloneSymposium/pssa-desafios-plone-interligacao-oracle.wmv\"><span class=\"icon\"></span>download</a></td>\r\n</tr>\r\n<tr>\r\n<td>11h</td>\r\n<td><strong>Promover e Proteger o Plone, o que \u00e9 a Plone Foundation</strong></td>\r\n<td>\u00c9rico Andrei</td>\r\n<td><a class=\"ext-link\" href=\"http://plone.org/foundation\"><span class=\"icon\"></span>Plone Foundation</a></td>\r\n<td><a class=\"ext-link\" href=\"http://youtu.be/o1NwbUqjpy0\"><span class=\"icon\"></span>assistir</a>\u00a0|\u00a0<a class=\"ext-link\" href=\"http://arquivos.interlegis.leg.br/interlegis/video/VideosPlone/PloneSymposium/pssa-promover-proteger-plone-foundation.wmv\"><span class=\"icon\"></span>download</a></td>\r\n</tr>\r\n<tr>\r\n<td>12h</td>\r\n<td colspan=\"4\"><em>Intervalo - almo\u00e7o</em></td>\r\n</tr>\r\n<tr>\r\n<td>14h</td>\r\n<td><strong>collective.composition - Plone portadas, made easy</strong></td>\r\n<td>Juan Pablo Gimenez</td>\r\n<td><a class=\"ext-link\" href=\"http://rcom.com.ar/\"><span class=\"icon\"></span>Rcom</a></td>\r\n<td><a class=\"ext-link\" href=\"http://youtu.be/Cn2UVNKIP3U\"><span class=\"icon\"></span>assistir</a>\u00a0|\u00a0<a class=\"ext-link\" href=\"http://arquivos.interlegis.leg.br/interlegis/video/VideosPlone/PloneSymposium/pssa-collective-composition-plone-portadas-made-easy.wmv\"><span class=\"icon\"></span>download</a></td>\r\n</tr>\r\n<tr>\r\n<td>15h</td>\r\n<td><strong>Vindula - uma intranet Plone completa e pronta para uso</strong></td>\r\n<td>Rodrigo Castardo</td>\r\n<td><a class=\"ext-link\" href=\"http://www.liberiun.com/\"><span class=\"icon\"></span>Liberiun</a></td>\r\n<td><a class=\"ext-link\" href=\"http://youtu.be/-FkQdo9oYO8\"><span class=\"icon\"></span>assistir</a>\u00a0|\u00a0<a class=\"ext-link\" href=\"http://arquivos.interlegis.leg.br/interlegis/video/VideosPlone/PloneSymposium/pssa-vindula-intranet-plone-completa-pronta-uso.wmv\"><span class=\"icon\"></span>download</a></td>\r\n</tr>\r\n<tr>\r\n<td>16h</td>\r\n<td colspan=\"4\"><em>Intervalo - coffee-break</em></td>\r\n</tr>\r\n<tr>\r\n<td>16h50</td>\r\n<td><strong>A ado\u00e7\u00e3o do Plone no TRT da Para\u00edba</strong>\u00a0(<a class=\"attachment\" href=\"https://colab.interlegis.leg.br/attachment/wiki/VEncontroGitec/plone-trt-paraiba.pdf\" title=\"Anexo 'plone-trt-paraiba.pdf' em VEncontroGitec\">apresenta\u00e7\u00e3o</a><a class=\"trac-rawlink\" href=\"https://colab.interlegis.leg.br/raw-attachment/wiki/VEncontroGitec/plone-trt-paraiba.pdf\" title=\"Download\"></a>)</td>\r\n<td>Thiago Curvelo dos Anjos</td>\r\n<td><a class=\"ext-link\" href=\"http://www.trt13.jus.br/\"><span class=\"icon\"></span>Tribunal Regional do Trabalho 13\u00aa Regi\u00e3o</a></td>\r\n<td><a class=\"ext-link\" href=\"http://youtu.be/wwPDvrkIdYA\"><span class=\"icon\"></span>assistir</a>\u00a0|\u00a0<a class=\"ext-link\" href=\"http://arquivos.interlegis.leg.br/interlegis/video/VideosPlone/PloneSymposium/pssa-adocao-plone-trt-paraiba.wmv\"><span class=\"icon\"></span>download</a></td>\r\n</tr>\r\n<tr>\r\n<td>17h40</td>\r\n<td><strong>Pensando a experi\u00eancia do usu\u00e1rio em projetos Plone</strong>(<a class=\"attachment\" href=\"https://colab.interlegis.leg.br/attachment/wiki/VEncontroGitec/pensando-experiencia-usuario.pdf\" title=\"Anexo 'pensando-experiencia-usuario.pdf' em VEncontroGitec\">apresenta\u00e7\u00e3o</a><a class=\"trac-rawlink\" href=\"https://colab.interlegis.leg.br/raw-attachment/wiki/VEncontroGitec/pensando-experiencia-usuario.pdf\" title=\"Download\"></a>)</td>\r\n<td>Paulo Roberto Floriano e Davi Lima</td>\r\n<td><a class=\"ext-link\" href=\"http://neuestudio.com.br/\"><span class=\"icon\"></span>Neue Studio</a>,\u00a0<a class=\"ext-link\" href=\"http://plone.org.br/\"><span class=\"icon\"></span>Plone Brasil</a></td>\r\n<td><a class=\"ext-link\" href=\"http://youtu.be/4SPU_5jx3vg\"><span class=\"icon\"></span>assistir</a>\u00a0|\u00a0<a class=\"ext-link\" href=\"http://arquivos.interlegis.leg.br/interlegis/video/VideosPlone/PloneSymposium/pssa-pensando-experiencia-usuario-projetos-plone.wmv\"><span class=\"icon\"></span>download</a></td>\r\n</tr>\r\n</tbody>\r\n</table>\r\n<ul>\r\n<li>Plone Foundation Contributing Agreement com Elizabeth Leddy [assistir\u00a0<a class=\"ext-link\" href=\"http://youtu.be/59rALTxg9O4\"><span class=\"icon\"></span>http://youtu.be/59rALTxg9O4</a>]</li>\r\n</ul>\r\n<hr />\r\n<h2 id=\"Minicursos\">Mini cursos<a class=\"anchor\" href=\"https://colab.interlegis.leg.br/wiki/VEncontroGitec#Minicursos\" title=\"Link para esta se\u00e7\u00e3o\"></a></h2>\r\n<h3 id=\"a1\u00baDia-20deAgosto-segunda-feira1\">1\u00ba Dia - 20 de Agosto - segunda-feira<a class=\"anchor\" href=\"https://colab.interlegis.leg.br/wiki/VEncontroGitec#a1%C2%BADia-20deAgosto-segunda-feira1\" title=\"Link para esta se\u00e7\u00e3o\"></a></h3>\r\n<table class=\"wiki\">\r\n<tbody>\r\n<tr>\r\n<td><strong>In\u00edcio</strong></td>\r\n<td><strong>Tema</strong></td>\r\n<td><strong>Palestrante</strong></td>\r\n<td><strong>Institui\u00e7\u00e3o</strong></td>\r\n</tr>\r\n<tr>\r\n<td>15h</td>\r\n<td><strong>Trabalhando com o SAPL: das configura\u00e7\u00f5es b\u00e1sicas ao relacionamento de normas jur\u00eddicas</strong></td>\r\n<td><a class=\"wiki\" href=\"https://colab.interlegis.leg.br/wiki/VEncontroGitec#Andr%C3%A9BrumdaSilva\">Andr\u00e9 Brum da Silva</a></td>\r\n<td><a class=\"ext-link\" href=\"http://www.agudo.rs.leg.br/\"><span class=\"icon\"></span>C\u00e2mara Municipal de Agudo - RS</a></td>\r\n</tr>\r\n<tr>\r\n<td>17h30</td>\r\n<td><strong>Mini curso de Portal Modelo</strong></td>\r\n<td><a class=\"wiki\" href=\"https://colab.interlegis.leg.br/wiki/VEncontroGitec#AngeloMarcondesdeOliveiraNeto\">Angelo Marcondes de Oliveira Neto</a></td>\r\n<td><a class=\"ext-link\" href=\"http://www.carneirinho.rs.leg.br/\"><span class=\"icon\"></span>C\u00e2mara Municipal de Carneirinho - MG</a></td>\r\n</tr>\r\n</tbody>\r\n</table>\r\n<h3 id=\"a2\u00baDia-21deAgosto-ter\u00e7a-feira1\">2\u00ba Dia - 21 de Agosto - ter\u00e7a-feira<a class=\"anchor\" href=\"https://colab.interlegis.leg.br/wiki/VEncontroGitec#a2%C2%BADia-21deAgosto-ter%C3%A7a-feira1\" title=\"Link para esta se\u00e7\u00e3o\"></a></h3>\r\n<table class=\"wiki\">\r\n<tbody>\r\n<tr>\r\n<td><strong>In\u00edcio</strong></td>\r\n<td><strong>Tema</strong></td>\r\n<td><strong>Palestrante</strong></td>\r\n<td><strong>Institui\u00e7\u00e3o</strong></td>\r\n</tr>\r\n<tr>\r\n<td>09h</td>\r\n<td><strong>Instalando o SAPL 2.5</strong></td>\r\n<td><a class=\"wiki\" href=\"https://colab.interlegis.leg.br/wiki/VEncontroGitec#JulianoRafaelBringerNunes\">Juliano Rafael Bringer Nunes</a></td>\r\n<td><a class=\"ext-link\" href=\"http://www.camaradomingosmartins.es.gov.br/\"><span class=\"icon\"></span>C\u00e2mara Municipal de Domingos Martins - ES</a></td>\r\n</tr>\r\n<tr>\r\n<td>10h</td>\r\n<td><strong>Protocolando com o SAPL 2.5</strong></td>\r\n<td><a class=\"wiki\" href=\"https://colab.interlegis.leg.br/wiki/VEncontroGitec#ThiagoAthaydeViana\">Thiago Athayde Viana</a></td>\r\n<td><a class=\"ext-link\" href=\"http://www.cachoeirodeitapemirim.es.leg.br/\"><span class=\"icon\"></span>C\u00e2mara Municipal de Cachoeiro do Itapemirim - ES</a></td>\r\n</tr>\r\n<tr>\r\n<td>12h</td>\r\n<td colspan=\"3\"><em>Intervalo - almo\u00e7o</em></td>\r\n</tr>\r\n<tr>\r\n<td>14h</td>\r\n<td><strong>Desvendando o SAPL - Iniciando novos desenvolvedores</strong></td>\r\n<td><a class=\"wiki\" href=\"https://colab.interlegis.leg.br/wiki/VEncontroGitec#S%C3%A9rgioRobertoDamiati\">S\u00e9rgio Roberto Damiati</a></td>\r\n<td><a class=\"ext-link\" href=\"http://www.camaracampinas.sp.gov.br/\"><span class=\"icon\"></span>C\u00e2mara Municipal de Campinas - SP</a></td>\r\n</tr>\r\n<tr>\r\n<td>17h30</td>\r\n<td><strong>Minicurso de SAAP 2.0</strong></td>\r\n<td><a class=\"wiki\" href=\"https://colab.interlegis.leg.br/wiki/VEncontroGitec#Ses%C3%B3strisVieira\">Ses\u00f3stris Vieira</a></td>\r\n<td><a class=\"ext-link\" href=\"http://www.interlegis.leg.br/\"><span class=\"icon\"></span>Interlegis</a></td>\r\n</tr>\r\n</tbody>\r\n</table>\r\n<h3 id=\"a3\u00baDia-22deAgosto-quarta-feira1\">3\u00ba Dia - 22 de Agosto - quarta-feira<a class=\"anchor\" href=\"https://colab.interlegis.leg.br/wiki/VEncontroGitec#a3%C2%BADia-22deAgosto-quarta-feira1\" title=\"Link para esta se\u00e7\u00e3o\"></a></h3>\r\n<table class=\"wiki\">\r\n<tbody>\r\n<tr>\r\n<td><strong>In\u00edcio</strong></td>\r\n<td><strong>Tema</strong></td>\r\n<td><strong>Palestrante</strong></td>\r\n<td><strong>Institui\u00e7\u00e3o</strong></td>\r\n</tr>\r\n<tr>\r\n<td>09h</td>\r\n<td><strong>Python B\u00e1sico</strong></td>\r\n<td><a class=\"wiki\" href=\"https://colab.interlegis.leg.br/wiki/VEncontroGitec#WinstonFerreira\">Winston Ferreira</a></td>\r\n<td><a class=\"ext-link\" href=\"http://www.tecnisys.com.br/\"><span class=\"icon\"></span>Tecnisys</a></td>\r\n</tr>\r\n<tr>\r\n<td>12h</td>\r\n<td colspan=\"3\"><em>Intervalo - almo\u00e7o</em></td>\r\n</tr>\r\n<tr>\r\n<td>15h</td>\r\n<td><strong>Minicurso de Django</strong></td>\r\n<td><a class=\"wiki\" href=\"https://colab.interlegis.leg.br/wiki/VEncontroGitec#GilsondaSilvaBorgesFilho\">Gilson da Silva Borges Filho</a></td>\r\n<td><a class=\"ext-link\" href=\"http://www.bambae.com.br/\"><span class=\"icon\"></span>Bambae</a></td>\r\n</tr>\r\n</tbody>\r\n</table>\r\n<h2 id=\"Palestrasrel\u00e2mpagos\">Palestras rel\u00e2mpagos<a class=\"anchor\" href=\"https://colab.interlegis.leg.br/wiki/VEncontroGitec#Palestrasrel%C3%A2mpagos\" title=\"Link para esta se\u00e7\u00e3o\"></a></h2>\r\n<h3 id=\"a21deAgosto-ter\u00e7a-feira\">21 de Agosto - ter\u00e7a-feira<a class=\"anchor\" href=\"https://colab.interlegis.leg.br/wiki/VEncontroGitec#a21deAgosto-ter%C3%A7a-feira\" title=\"Link para esta se\u00e7\u00e3o\"></a></h3>\r\n<table class=\"wiki\">\r\n<tbody>\r\n<tr>\r\n<td><strong>In\u00edcio</strong></td>\r\n<td><strong>Tema</strong></td>\r\n<td><strong>Organiza\u00e7\u00e3o</strong></td>\r\n<td><strong>Institui\u00e7\u00e3o</strong></td>\r\n</tr>\r\n<tr>\r\n<td>17h30</td>\r\n<td><a class=\"ext-link\" href=\"http://colab.interlegis.leg.br/wiki/palestrasrelampagos\"><span class=\"icon\"></span>Palestras rel\u00e2mpagos</a>\u00a0(Inscri\u00e7\u00f5es durante o evento)</td>\r\n<td><a class=\"wiki\" href=\"https://colab.interlegis.leg.br/wiki/VEncontroGitec#EduardoIshida\">Eduardo Ishida</a></td>\r\n<td><a class=\"ext-link\" href=\"http://www.camararibeiraopreto.sp.gov.br/\"><span class=\"icon\"></span>C\u00e2mara Municipal de Ribeir\u00e3o Preto</a></td>\r\n</tr>\r\n</tbody>\r\n</table>\r\n<ul>\r\n<li>As palestras rel\u00e2mpago ou \"Lightning Talk\" s\u00e3o palestras de curta dura\u00e7\u00e3o, normalmente de 5 minutos, executadas numa sess\u00e3o de 1 hora. Surgiu em 1997, numa confer\u00eancia de Python com o termo \"short talk\" e, assim como a linguagem, \u00e9 muito din\u00e2mica e divertida. Os palestrantes podem se inscrever previamente ou at\u00e9 no momento, onde rodamos um cronometro que acaba criando um clima de press\u00e3o ao palestrante, mas sem perder o clima divertido.</li>\r\n<li>Organiza\u00e7\u00e3o e inscri\u00e7\u00f5es:\u00a0<a class=\"wiki\" href=\"https://colab.interlegis.leg.br/wiki/VEncontroGitec#EduardoIshida\">Eduardo Ishida</a></li>\r\n<li>Local: Anfiteatro</li>\r\n</ul>\r\n<h2 id=\"InstallFest\">Install Fest<a class=\"anchor\" href=\"https://colab.interlegis.leg.br/wiki/VEncontroGitec#InstallFest\" title=\"Link para esta se\u00e7\u00e3o\"></a></h2>\r\n<ul>\r\n<li>O Installfest \u00e9 um evento promovido pelo GITEC, em que pessoas se re\u00fanem para realizar instala\u00e7\u00f5es de sistemas operacionais livres e tamb\u00e9m dos Produtos Interlegis (SAPL, SAAP, SPDO e Portal Modelo) em v\u00e1rios computadores.</li>\r\n<li>Organiza\u00e7\u00e3o e inscri\u00e7\u00f5es:\u00a0<a class=\"wiki\" href=\"https://colab.interlegis.leg.br/wiki/VEncontroGitec#JulianoRafaelBringerNunes\">Juliano Rafael Bringer Nunes</a></li>\r\n<li>Local: Sede do Interlegis</li>\r\n<li>Regras:\r\n<ul>\r\n<li>Para os interessados em realizar a instala\u00e7\u00e3o do Ubuntu e Produtos Interlegis, certifique-se que a bateria de seu notebook esteja carregada ou com carregador, caso possa levar tamb\u00e9m faremos a instala\u00e7\u00e3o no seu PC;</li>\r\n<li>Lembrar de que dever\u00e1 j\u00e1 haver uma parti\u00e7\u00e3o ou a totalidade do HD para instala\u00e7\u00e3o do referido SO e demais aplicativos;</li>\r\n<li>O interessado compromete-se a fazer uma c\u00f3pia de todos os seus dados que est\u00e3o no seu computador ou notebook. A organiza\u00e7\u00e3o do I Installfest Ubuntu &amp; Produtos Interlegis, n\u00e3o se responsabilizar\u00e1 pelo armazenamento de arquivos no computador e n\u00e3o efetuar\u00e1 backup para os participantes.</li>\r\n<li>O evento n\u00e3o se responsabiliza por perda de dados conforme citado acima. No caso em que haja interesse de configura\u00e7\u00e3o de dual boot (mais de um sistema operacional instalado na mesma m\u00e1quina), ou de reparticionamento de uma m\u00e1quina com sistema operacional j\u00e1 instalada, o evento n\u00e3o \u00e9 respons\u00e1vel pela estabilidade do sistema ou instala\u00e7\u00e3o de outros sistemas operacionais presentes.</li>\r\n<li>Se trouxer um pen drive de no m\u00ednimo 1Gb, disponibilizaremos nele o Ubuntu ou o Live DVD Aplicativos Interlegis, criado pelo Luciano De Fazio\u00a0<a class=\"ext-link\" href=\"http://colab.interlegis.leg.br/wiki/LiveDVD\"><span class=\"icon\"></span>http://colab.interlegis.leg.br/wiki/LiveDVD</a>, a coisa fica muito mais r\u00e1pida do que pelo CD e ainda economizamos na obten\u00e7\u00e3o de CD\u00b4s.</li>\r\n</ul>\r\n</li>\r\n</ul>\r\n<h1 id=\"ATEN\u00c7\u00c3O:Fa\u00e7aoBackupantesdetrazeramaquinaparaoInstallFestaOrganiza\u00e7\u00e3on\u00e3oseresponsabilizar\u00e1pelosseusdados.\">ATEN\u00c7\u00c3O : Fa\u00e7a o Backup antes de trazer a maquina para o Install Fest, a Organiza\u00e7\u00e3o n\u00e3o se responsabilizar\u00e1 pelos seus dados.<a class=\"anchor\" href=\"https://colab.interlegis.leg.br/wiki/VEncontroGitec#ATEN%C3%87%C3%83O:Fa%C3%A7aoBackupantesdetrazeramaquinaparaoInstallFestaOrganiza%C3%A7%C3%A3on%C3%A3oseresponsabilizar%C3%A1pelosseusdados.\" title=\"Link para esta se\u00e7\u00e3o\"></a></h1>\r\n<h2 id=\"Espa\u00e7osabertos\">Espa\u00e7os abertos<a class=\"anchor\" href=\"https://colab.interlegis.leg.br/wiki/VEncontroGitec#Espa%C3%A7osabertos\" title=\"Link para esta se\u00e7\u00e3o\"></a></h2>\r\n<ul>\r\n<li>Espa\u00e7o aberto \u00e9 a tradu\u00e7\u00e3o para Open Space Technology (OST). Trata-se de uma forma de congregar pessoas em uma confer\u00eancia, retiro ou encontro. Os participantes s\u00e3o convidados a gerar a agenda do encontro assim como participar liderando pequenos grupos de discuss\u00e3o durante o per\u00edodo desses encontros. Usualmente existe um facilitador mas este n\u00e3o \u00e9 um l\u00edder oficial do encontro, que estabelece regras ou normas.</li>\r\n</ul>\r\n<p>Os quatros princ\u00edpios do Open Space:</p>\r\n<ol>\r\n<li>Seja quem for que veio,\u00e9 a pessoa certa;</li>\r\n<li>O que quer que aconte\u00e7a, \u00e9 apenas aquilo que deveria ter acontecido;</li>\r\n<li>Quando quer que comece \u00e9 na hora certa;</li>\r\n<li>Quando acabar, acabou.</li>\r\n</ol>\r\n<p>E acompanhando a Lei dos Dois P\u00e9s afirmando que, \u201cSe a qualquer momento voc\u00ea encontra-se em qualquer situa\u00e7\u00e3o onde voc\u00ea n\u00e3o estiver nem aprendendo ou contribuindo \u2013 use seus dois p\u00e9s e dirija-se para um lugar mais ao seu gosto\u201d.</p>\r\n<p>De certa forma todos no Open Space participam: interagindo, fazendo networking, trocando ideias e experi\u00eancias, perguntando e respondendo.</p>\r\n<ul>\r\n<li>Organiza\u00e7\u00e3o e inscri\u00e7\u00f5es:\u00a0<a class=\"wiki\" href=\"https://colab.interlegis.leg.br/wiki/VEncontroGitec#AdrianaAugustoChaves\">Adriana Chaves</a>\u00a0e\u00a0<a class=\"wiki\" href=\"https://colab.interlegis.leg.br/wiki/VEncontroGitec#RamiroLuz\">Ramiro Luz</a></li>\r\n<li>Local: Anfiteatro</li>\r\n<li>Regras e sugest\u00f5es de boa conviv\u00eancia:\r\n<ul>\r\n<li>Seja cuidadoso com as conversas, atentando ao vocabul\u00e1rio e ao volume de voz que usa.</li>\r\n<li>Lembre-se que o celular deve estar em modo silencioso. E jamais atenda em voz alta.</li>\r\n<li>N\u00e3o grite quando quiser chamar a aten\u00e7\u00e3o de uma pessoa que se encontra na zona oposta \u00e0 sua.</li>\r\n</ul>\r\n</li>\r\n</ul>\r\n<h2 id=\"PalestranteseInstrutores\">Palestrantes e Instrutores<a class=\"anchor\" href=\"https://colab.interlegis.leg.br/wiki/VEncontroGitec#PalestranteseInstrutores\" title=\"Link para esta se\u00e7\u00e3o\"></a></h2>\r\n<h3 id=\"AdrianaAugustoChaves\">Adriana Augusto Chaves<a class=\"anchor\" href=\"https://colab.interlegis.leg.br/wiki/VEncontroGitec#AdrianaAugustoChaves\" title=\"Link para esta se\u00e7\u00e3o\"></a></h3>\r\n<table class=\"wiki\">\r\n<tbody>\r\n<tr>\r\n<td><a href=\"http://colab.interlegis.leg.br/raw-attachment/wiki/VEncontroGitec/drica12012.jpg\"><img alt=\"http://colab.interlegis.leg.br/raw-attachment/wiki/VEncontroGitec/drica12012.jpg\" src=\"http://colab.interlegis.leg.br/raw-attachment/wiki/VEncontroGitec/drica12012.jpg\" title=\"http://colab.interlegis.leg.br/raw-attachment/wiki/VEncontroGitec/drica12012.jpg\" /></a></td>\r\n<td>Graduada em Tecnologia de Redes de Computadores desde 2005 e P\u00f3s Graduada em Gest\u00e3o e Controladoria em Servi\u00e7os P\u00fablicos em 2008, ambos pela UNIFOA - Centro Universit\u00e1rio de Volta Redonda - RJ. Servidora da C\u00e2mara Municipal de Pira\u00ed desde 1991. A partir de 1998 ficou respons\u00e1vel pela Divis\u00e3o de Inform\u00e1tica da C\u00e2mara Municipal onde desempenhou um grande trabalho de informatiza\u00e7\u00e3o da Casa, inclusive na implanta\u00e7\u00e3o do SAPL e Portal Modelo.</td>\r\n</tr>\r\n</tbody>\r\n</table>\r\n<h3 id=\"AlessandraM\u00fcllerGuerra\">Alessandra M\u00fcller Guerra<a class=\"anchor\" href=\"https://colab.interlegis.leg.br/wiki/VEncontroGitec#AlessandraM%C3%BCllerGuerra\" title=\"Link para esta se\u00e7\u00e3o\"></a></h3>\r\n<table class=\"wiki\">\r\n<tbody>\r\n<tr>\r\n<td><a href=\"http://colab.interlegis.leg.br/raw-attachment/wiki/VEncontroGitec/Foto%20para%20curriculum.jpg\"><img alt=\"http://colab.interlegis.leg.br/raw-attachment/wiki/VEncontroGitec/Foto%20para%20curriculum.jpg\" src=\"http://colab.interlegis.leg.br/raw-attachment/wiki/VEncontroGitec/Foto%20para%20curriculum.jpg\" title=\"http://colab.interlegis.leg.br/raw-attachment/wiki/VEncontroGitec/Foto%20para%20curriculum.jpg\" /></a></td>\r\n<td>Gerente do Programa e-Democracia da C\u00e2mara dos Deputados, Assessora do Departamento de Comiss\u00f5es, Analista Legislativo desde 2002 e foi Coordenadora do Programa Carta-resposta da C\u00e2mara. P\u00f3s-graduada em Pol\u00edticas P\u00fablicas e graduada em Rela\u00e7\u00f5es Internacionais pela Unb.</td>\r\n</tr>\r\n</tbody>\r\n</table>\r\n<h3 id=\"AlexandreGomes\"><a class=\"ext-link\" href=\"http://alegom.es/\"><span class=\"icon\"></span>Alexandre Gomes</a><a class=\"anchor\" href=\"https://colab.interlegis.leg.br/wiki/VEncontroGitec#AlexandreGomes\" title=\"Link para esta se\u00e7\u00e3o\"></a></h3>\r\n<table class=\"wiki\">\r\n<tbody>\r\n<tr>\r\n<td><a href=\"http://colab.interlegis.leg.br/raw-attachment/wiki/VEncontroGitec/alegomes_1342477323_46.jpg\"><img alt=\"http://colab.interlegis.leg.br/raw-attachment/wiki/VEncontroGitec/alegomes_1342477323_46.jpg\" src=\"http://colab.interlegis.leg.br/raw-attachment/wiki/VEncontroGitec/alegomes_1342477323_46.jpg\" title=\"http://colab.interlegis.leg.br/raw-attachment/wiki/VEncontroGitec/alegomes_1342477323_46.jpg\" /></a></td>\r\n<td>Empres\u00e1rio, empreendedor, educador e grande entusiasta do uso da tecnologia para promo\u00e7\u00e3o do bem social. Membro do coletivo Transpar\u00eancia Hacker, representa a sociedade civil no processo colaborativo de desenvolvimento do Portal Brasileiro de Dados Abertos (<a class=\"ext-link\" href=\"http://dados.gov.br/\"><span class=\"icon\"></span>http://dados.gov.br</a>) e tem atuado ativamente com a comunidade internacional no compartilhamento das experi\u00eancias brasileiras no \u00e2mbito dos trabalhos da Parceria para Governo Aberto - OGP (<a class=\"ext-link\" href=\"http://www.opengovpartnership.org/\"><span class=\"icon\"></span>http://www.opengovpartnership.org</a>). Seguir\u00a0<a class=\"ext-link\" href=\"http://twitter.com/alegomes\"><span class=\"icon\"></span>@alegomes</a></td>\r\n</tr>\r\n</tbody>\r\n</table>\r\n<h3 id=\"AlziraFernandaOliveira\">Alzira Fernanda Oliveira<a class=\"anchor\" href=\"https://colab.interlegis.leg.br/wiki/VEncontroGitec#AlziraFernandaOliveira\" title=\"Link para esta se\u00e7\u00e3o\"></a></h3>\r\n<table class=\"wiki\">\r\n<tbody>\r\n<tr>\r\n<td><a href=\"http://colab.interlegis.leg.br/raw-attachment/wiki/VEncontroGitec/311889_170311846393336_642919185_n.jpg\"><img alt=\"http://colab.interlegis.leg.br/raw-attachment/wiki/VEncontroGitec/311889_170311846393336_642919185_n.jpg\" src=\"http://colab.interlegis.leg.br/raw-attachment/wiki/VEncontroGitec/311889_170311846393336_642919185_n.jpg\" title=\"http://colab.interlegis.leg.br/raw-attachment/wiki/VEncontroGitec/311889_170311846393336_642919185_n.jpg\" /></a></td>\r\n<td>Graduada em Tecnologia em Inform\u00e1tica pelo Centro Universit\u00e1rio da Cidade em 2001, p\u00f3s Graduada em An\u00e1lise, Projeto e Ger\u00eancia de Sistemas pela PUC-Rio em 2004, MBA em Administra\u00e7\u00e3o e Sistemas de Informa\u00e7\u00e3o pela Universidade Federal Fluminense em 2006, atualmente cursando o 8\u00ba per\u00edodo de Direito pela Faculdade Integrada do Noroeste Mineiro. Especializada em an\u00e1lise de sistemas, atuou na concep\u00e7\u00e3o, desenvolvimento e implanta\u00e7\u00e3o do BIMTRA (Banco Integrado de Movimento do Tr\u00e1fego A\u00e9reo) e do sistema SICOTAN no Departamento de Controle do Espa\u00e7o A\u00e9reo - DECEA, \u00e9 Membro efetivo da Comiss\u00e3o de Desenvolvimento e Implanta\u00e7\u00e3o do Sistema de Cobran\u00e7a das Tarifas de Uso das Comunica\u00e7\u00f5es e dos Aux\u00edlios \u00e0 Navega\u00e7\u00e3o A\u00e9rea em Rota (COMTAN), na Coordenadoria de Tecnologia da Informa\u00e7\u00e3o, segundo Boletim do Comando da Aeron\u00e1utica n\u00ba 92/2007. Servidora da C\u00e3mara Municipal de Paracatu desde 2007.</td>\r\n</tr>\r\n</tbody>\r\n</table>\r\n<h3 id=\"Andr\u00e9BrumdaSilva\">Andr\u00e9 Brum da Silva<a class=\"anchor\" href=\"https://colab.interlegis.leg.br/wiki/VEncontroGitec#Andr%C3%A9BrumdaSilva\" title=\"Link para esta se\u00e7\u00e3o\"></a></h3>\r\n<table class=\"wiki\">\r\n<tbody>\r\n<tr>\r\n<td><a href=\"http://www.gravatar.com/avatar/a8375983bab3158b7b282f6d1f954589?s=120&amp;d=identicon\"><img alt=\"http://www.gravatar.com/avatar/a8375983bab3158b7b282f6d1f954589\" src=\"http://www.gravatar.com/avatar/a8375983bab3158b7b282f6d1f954589?s=120&amp;d=identicon\" title=\"http://www.gravatar.com/avatar/a8375983bab3158b7b282f6d1f954589\" /></a></td>\r\n<td>Bacharel em Ci\u00eancias Econ\u00f4micas pela UFSM, Mestre em Integra\u00e7\u00e3o Latino-Americana pela UFSM, Oficial Legislativo da C\u00e2mara Municipal de Agudo desde 1990, Trabalha com SAPL desde 2005. Seguir\u00a0<a class=\"ext-link\" href=\"http://twitter.com/andrebrumsilva\"><span class=\"icon\"></span>@andrebrumsilva</a></td>\r\n</tr>\r\n</tbody>\r\n</table>\r\n<h3 id=\"AngeloMarcondesdeOliveiraNeto\">Angelo Marcondes de Oliveira Neto<a class=\"anchor\" href=\"https://colab.interlegis.leg.br/wiki/VEncontroGitec#AngeloMarcondesdeOliveiraNeto\" title=\"Link para esta se\u00e7\u00e3o\"></a></h3>\r\n<table class=\"wiki\">\r\n<tbody>\r\n<tr>\r\n<td><a href=\"http://www.gravatar.com/avatar/c2d4021b1d5f34f7e6f1d3fcad488ccf?s=120&amp;d=identicon\"><img alt=\"http://www.gravatar.com/avatar/c2d4021b1d5f34f7e6f1d3fcad488ccf\" src=\"http://www.gravatar.com/avatar/c2d4021b1d5f34f7e6f1d3fcad488ccf?s=120&amp;d=identicon\" title=\"http://www.gravatar.com/avatar/c2d4021b1d5f34f7e6f1d3fcad488ccf\" /></a></td>\r\n<td>Tamb\u00e9m conhecido como \"Carneirinho\", \u00e9 servidor da C\u00e2mara Municipal de Carneirinho - MG, onde desenvolve o trabalho de ades\u00e3o do software livre e utiliza\u00e7\u00e3o de tecnologia como ferramenta de transpar\u00eancia e comunica\u00e7\u00e3o para o legislativo. Desde 2005 trabalha ativamente junto \u00e0 comunidade GITEC como colaborador. Seguir\u00a0<a class=\"ext-link\" href=\"http://twitter.com/uaigeek\"><span class=\"icon\"></span>@uaigeek</a></td>\r\n</tr>\r\n</tbody>\r\n</table>\r\n<h3 id=\"CorintoMeffe\">Corinto Meffe<a class=\"anchor\" href=\"https://colab.interlegis.leg.br/wiki/VEncontroGitec#CorintoMeffe\" title=\"Link para esta se\u00e7\u00e3o\"></a></h3>\r\n<table class=\"wiki\">\r\n<tbody>\r\n<tr>\r\n<td><a href=\"http://www.iweee.org/img/speakers/corinto_meffe.png\"><img alt=\"http://www.iweee.org/img/speakers/corinto_meffe.png\" src=\"http://www.iweee.org/img/speakers/corinto_meffe.png\" title=\"http://www.iweee.org/img/speakers/corinto_meffe.png\" /></a></td>\r\n<td>Gerente de inova\u00e7\u00f5es tecnol\u00f3gicas do Minist\u00e9rio do Planejamento. Atua com software livre h\u00e1 mais de 10 anos e coordenou o primeiro projeto de migra\u00e7\u00e3o da Dataprev em 1999, e tamb\u00e9m o Guia Livre, O Guia de Cluster, A Metodologia de Avalia\u00e7\u00e3o de Distribui\u00e7\u00e3o Livre e atualmente \u00e9 respons\u00e1vel pelo Portal do Software P\u00fablico Brasileiro. Seguir\u00a0<a class=\"ext-link\" href=\"http://twitter.com/corintomeffe\"><span class=\"icon\"></span>@corintomeffe</a></td>\r\n</tr>\r\n</tbody>\r\n</table>\r\n<h3 id=\"C\u00e1ssioSilva\">C\u00e1ssio Silva<a class=\"anchor\" href=\"https://colab.interlegis.leg.br/wiki/VEncontroGitec#C%C3%A1ssioSilva\" title=\"Link para esta se\u00e7\u00e3o\"></a></h3>\r\n<table class=\"wiki\">\r\n<tbody>\r\n<tr>\r\n<td><a href=\"http://www.plonesymposium.com.br/banco-de-imagens/cassio-silva\"><img alt=\"http://www.plonesymposium.com.br/banco-de-imagens/cassio-silva\" src=\"http://www.plonesymposium.com.br/banco-de-imagens/cassio-silva\" title=\"http://www.plonesymposium.com.br/banco-de-imagens/cassio-silva\" /></a></td>\r\n<td>Bacharel em Computa\u00e7\u00e3o pela UnB, p\u00f3s-graduado em Sistemas Orientados a Objetos pela Funda\u00e7\u00e3o Universa/UCB \u00e9 Analista de Inform\u00e1tica do Prodasen desde 2002 nas \u00e1reas de desenvolvimento e ger\u00eancia de projetos.</td>\r\n</tr>\r\n</tbody>\r\n</table>\r\n<h3 id=\"ElizabethLeddy\">Elizabeth Leddy<a class=\"anchor\" href=\"https://colab.interlegis.leg.br/wiki/VEncontroGitec#ElizabethLeddy\" title=\"Link para esta se\u00e7\u00e3o\"></a></h3>\r\n<table class=\"wiki\">\r\n<tbody>\r\n<tr>\r\n<td><a href=\"http://www.plonesymposium.com.br/banco-de-imagens/eleddy.jpg/@@images/b0b489c4-1643-4f90-b9da-1e5b59d41737.png\"><img alt=\"http://www.plonesymposium.com.br/banco-de-imagens/eleddy.jpg/@@images/b0b489c4-1643-4f90-b9da-1e5b59d41737.png\" src=\"http://www.plonesymposium.com.br/banco-de-imagens/eleddy.jpg/@@images/b0b489c4-1643-4f90-b9da-1e5b59d41737.png\" title=\"http://www.plonesymposium.com.br/banco-de-imagens/eleddy.jpg/@@images/b0b489c4-1643-4f90-b9da-1e5b59d41737.png\" /></a></td>\r\n<td>Is an independent Plone consultant working out of San Francisco, CA. She has done rapid web application development and deployment in a variety of python frameworks for 9 years in industries such as upper education, intelligence research and development, healthcare IT, and knowledge management. In addition to consulting work, she is a member of the Plone Foundation and Plone 4.X Framework Team and hosted the 2011 Plone Conference. She is best reached on twitter as\u00a0<a class=\"ext-link\" href=\"http://twitter.com/eleddy\"><span class=\"icon\"></span>@eleddy</a>.</td>\r\n</tr>\r\n</tbody>\r\n</table>\r\n<h3 id=\"Ishida\">Ishida<a class=\"anchor\" href=\"https://colab.interlegis.leg.br/wiki/VEncontroGitec#Ishida\" title=\"Link para esta se\u00e7\u00e3o\"></a></h3>\r\n<table class=\"wiki\">\r\n<tbody>\r\n<tr>\r\n<td><a href=\"https://lh3.googleusercontent.com/-AoriclKwY-w/UC5QLI4Y0tI/AAAAAAAAW9I/EaLU8KoEQxo/s154/DSC02730.JPG\"><img alt=\"https://lh3.googleusercontent.com/-AoriclKwY-w/UC5QLI4Y0tI/AAAAAAAAW9I/EaLU8KoEQxo/s154/DSC02730.JPG\" src=\"https://lh3.googleusercontent.com/-AoriclKwY-w/UC5QLI4Y0tI/AAAAAAAAW9I/EaLU8KoEQxo/s154/DSC02730.JPG\" title=\"https://lh3.googleusercontent.com/-AoriclKwY-w/UC5QLI4Y0tI/AAAAAAAAW9I/EaLU8KoEQxo/s154/DSC02730.JPG\" /></a></td>\r\n<td>Formado em Ci\u00eancia da Computa\u00e7\u00e3o, \u00e9 servidor da C\u00e2mara Municipal de Ribeir\u00e3o Preto - SP, desde 2001. Hoje \u00e9 respons\u00e1vel pelo Setor de Tecnologia de Informa\u00e7\u00e3o. Participou da reestrutura\u00e7\u00e3o da rede l\u00f3gica e f\u00edsica da CM; \u00e9 entusiasta do Software Livre. Como oficial de inform\u00e1tica, Formado pelo CPOR/SP - turma de 1994, trabalhou ativamente na equipe de informatiza\u00e7\u00e3o do processo de sele\u00e7\u00e3o dos Oficiais tempor\u00e1rios MFDV. Seguir\u00a0<a class=\"ext-link\" href=\"http://twitter.com/JapaNixRss\"><span class=\"icon\"></span>@JapaNixRss</a></td>\r\n</tr>\r\n</tbody>\r\n</table>\r\n<h3 id=\"\u00c9ricoAndrei\">\u00c9rico Andrei<a class=\"anchor\" href=\"https://colab.interlegis.leg.br/wiki/VEncontroGitec#%C3%89ricoAndrei\" title=\"Link para esta se\u00e7\u00e3o\"></a></h3>\r\n<table class=\"wiki\">\r\n<tbody>\r\n<tr>\r\n<td><a href=\"http://colab.interlegis.leg.br/raw-attachment/wiki/VEncontroGitec/DSC05280.JPG\"><img alt=\"http://colab.interlegis.leg.br/raw-attachment/wiki/VEncontroGitec/DSC05280.JPG\" src=\"http://colab.interlegis.leg.br/raw-attachment/wiki/VEncontroGitec/DSC05280.JPG\" title=\"http://colab.interlegis.leg.br/raw-attachment/wiki/VEncontroGitec/DSC05280.JPG\" /></a></td>\r\n<td>\u00c9 s\u00f3cio e CEO da Simples Consultoria, empresa especializada em solu\u00e7\u00f5es web para gest\u00e3o de conte\u00fado e portais corporativos. Com 15 anos de experi\u00eancia na gest\u00e3o de projetos e opera\u00e7\u00f5es de tecnologia da informa\u00e7\u00e3o com passagens em empresas como Microsoft Brasil, Vesta Technologies e Editora Abril. Atuante nas comunidades de sl, \u00e9 membro-fundador da Associa\u00e7\u00e3o\u00a0<a class=\"wiki\" href=\"https://colab.interlegis.leg.br/wiki/PythonBrasil\">PythonBrasil</a>, membro do conselho diretivo da Plone Foundation e core developer do Plone. Nas horas vagas estuda teatro, \u00e9 mooquense e juventino. Seguir\u00a0<a class=\"ext-link\" href=\"http://twitter.com/ericof\"><span class=\"icon\"></span>@ericof</a></td>\r\n</tr>\r\n</tbody>\r\n</table>\r\n<h3 id=\"F\u00e1bioSurragedeMedeiros\">F\u00e1bio Surrage de Medeiros<a class=\"anchor\" href=\"https://colab.interlegis.leg.br/wiki/VEncontroGitec#F%C3%A1bioSurragedeMedeiros\" title=\"Link para esta se\u00e7\u00e3o\"></a></h3>\r\n<table class=\"wiki\">\r\n<tbody>\r\n<tr>\r\n<td><a href=\"http://www.plonesymposium.com.br/banco-de-imagens/fabio-surrage-de-medeiros\"><img alt=\"http://www.plonesymposium.com.br/banco-de-imagens/fabio-surrage-de-medeiros\" src=\"http://www.plonesymposium.com.br/banco-de-imagens/fabio-surrage-de-medeiros\" title=\"http://www.plonesymposium.com.br/banco-de-imagens/fabio-surrage-de-medeiros\" /></a></td>\r\n<td>Bacharel em Ci\u00eancia da Computa\u00e7\u00e3o pela Universidade de Bras\u00edlia, trabalha na \u00e1rea Web desde 1996, tendo participado de projetos na \u00e1rea de Internet no Tribunal Superior Eleitoral e no Minist\u00e9rio da Educa\u00e7\u00e3o. Desde 2002, est\u00e1 na equipe Web da C\u00e2mara dos Deputados, onde liderou a implanta\u00e7\u00e3o e evolu\u00e7\u00e3o do Portal Institucional na tecnologia\u00a0<a class=\"missing wiki\">Zope/Plone?</a>.</td>\r\n</tr>\r\n</tbody>\r\n</table>\r\n<h3 id=\"FabianoWeimardosSantos\">Fabiano Weimar dos Santos<a class=\"anchor\" href=\"https://colab.interlegis.leg.br/wiki/VEncontroGitec#FabianoWeimardosSantos\" title=\"Link para esta se\u00e7\u00e3o\"></a></h3>\r\n<table class=\"wiki\">\r\n<tbody>\r\n<tr>\r\n<td><a href=\"http://www.plonesymposium.com.br/banco-de-imagens/palestrante_xiru.jpg/@@images/b7586207-f12b-4ddb-a192-dfa57f2719a2.jpeg\"><img alt=\"http://www.plonesymposium.com.br/banco-de-imagens/palestrante_xiru.jpg/@@images/b7586207-f12b-4ddb-a192-dfa57f2719a2.jpeg\" src=\"http://www.plonesymposium.com.br/banco-de-imagens/palestrante_xiru.jpg/@@images/b7586207-f12b-4ddb-a192-dfa57f2719a2.jpeg\" title=\"http://www.plonesymposium.com.br/banco-de-imagens/palestrante_xiru.jpg/@@images/b7586207-f12b-4ddb-a192-dfa57f2719a2.jpeg\" /></a></td>\r\n<td>Tamb\u00e9m conhecido como Xiru, \u00e9 Mestre em Intelig\u00eancia Artificial pela Universidade Federal do Rio Grande do Sul - UFRGS, e Bacharel em Ci\u00eancia da Computa\u00e7\u00e3o pela Universidade de Caxias do Sul - UCS, tendo atuado como consultor em tecnologias livres e recentemente como administrador de sistemas do provedor Py Town?.com. Core-developer do sistema de gerenciamento de conte\u00fado Plone, colaborou na implementa\u00e7\u00e3o da infra-estrutura de diversos portais no governo e tem sido um evangelista atuante na comunidade Python durante v\u00e1rios anos. Seguir\u00a0<a class=\"ext-link\" href=\"http://twitter.com/xiru\"><span class=\"icon\"></span>@xiru</a></td>\r\n</tr>\r\n</tbody>\r\n</table>\r\n<h3 id=\"FranciscoXavierSoaresFilho\">Francisco Xavier Soares Filho<a class=\"anchor\" href=\"https://colab.interlegis.leg.br/wiki/VEncontroGitec#FranciscoXavierSoaresFilho\" title=\"Link para esta se\u00e7\u00e3o\"></a></h3>\r\n<table class=\"wiki\">\r\n<tbody>\r\n<tr>\r\n<td><a href=\"http://colab.interlegis.leg.br/raw-attachment/wiki/VEncontroGitec/francisco%20xavier%20soares%20filho%20b.jpg\"><img alt=\"http://colab.interlegis.leg.br/raw-attachment/wiki/VEncontroGitec/francisco%20xavier%20soares%20filho%20b.jpg\" src=\"http://colab.interlegis.leg.br/raw-attachment/wiki/VEncontroGitec/francisco%20xavier%20soares%20filho%20b.jpg\" title=\"http://colab.interlegis.leg.br/raw-attachment/wiki/VEncontroGitec/francisco%20xavier%20soares%20filho%20b.jpg\" /></a></td>\r\n<td>Graduado em An\u00e1lise de Desenvolvimento de Sistemas pela Universidade do Estado de Santa Catarina (2008). Especialista em Gest\u00e3o P\u00fablica pela Universidade Federal do Paran\u00e1. Atualmente, mestrando em Ci\u00eancia, Gest\u00e3o e Tecnologia da Informa\u00e7\u00e3o pela Universidade Federal do Paran\u00e1 e bacharelando em Administra\u00e7\u00e3o P\u00fablica pela Universidade Federal de Santa Catarina. Funcion\u00e1rio p\u00fablico est\u00e1vel, respons\u00e1vel pelo setor de inform\u00e1tica da C\u00e2mara Municipal de Itapo\u00e1. Professor de Tecnologias Educacionais da Escola Estadual Nereu Ramos. Diretor de Tecnologia do jornal on-line Di\u00e1rio de Itapo\u00e1. Experi\u00eancia na \u00e1rea de Tecnologia da Informa\u00e7\u00e3o, com \u00eanfase em Softwares Livres, An\u00e1lise de Sistemas, Desenvolvimento Web e Programa\u00e7\u00e3o em Progress 4GL.</td>\r\n</tr>\r\n</tbody>\r\n</table>\r\n<h3 id=\"GilsondaSilvaBorgesFilho\">Gilson da Silva Borges Filho<a class=\"anchor\" href=\"https://colab.interlegis.leg.br/wiki/VEncontroGitec#GilsondaSilvaBorgesFilho\" title=\"Link para esta se\u00e7\u00e3o\"></a></h3>\r\n<table class=\"wiki\">\r\n<tbody>\r\n<tr>\r\n<td><a href=\"http://colab.interlegis.leg.br/raw-attachment/wiki/VEncontroGitec/b607216e-5f47-42f2-bce0-86cebbee624b.png\"><img alt=\"http://colab.interlegis.leg.br/raw-attachment/wiki/VEncontroGitec/b607216e-5f47-42f2-bce0-86cebbee624b.png\" src=\"http://colab.interlegis.leg.br/raw-attachment/wiki/VEncontroGitec/b607216e-5f47-42f2-bce0-86cebbee624b.png\" title=\"http://colab.interlegis.leg.br/raw-attachment/wiki/VEncontroGitec/b607216e-5f47-42f2-bce0-86cebbee624b.png\" /></a></td>\r\n<td>Desenvolvedor web h\u00e1 5 anos, desenvolve projetos voltados para a web como sites, portais e aplica\u00e7\u00f5es web. Contribui com projetos open source usando as ferramentas como Python, Django e Web2py. \u00c9 entusiasta em Software Livre e Metodologias \u00e1geis. \u00c9 usu\u00e1rio e grande admirador do editor Vim. Est\u00e1 sempre atualizado sobre ferramentas que podem aumentar a produtividade e qualidade da sua programa\u00e7\u00e3o. Seguir\u00a0<a class=\"ext-link\" href=\"http://twitter.com/gilsonfilho\"><span class=\"icon\"></span>@gilsonfilho</a></td>\r\n</tr>\r\n</tbody>\r\n</table>\r\n<h3 id=\"H\u00e9lioTeixeira\">H\u00e9lio Teixeira<a class=\"anchor\" href=\"https://colab.interlegis.leg.br/wiki/VEncontroGitec#H%C3%A9lioTeixeira\" title=\"Link para esta se\u00e7\u00e3o\"></a></h3>\r\n<table class=\"wiki\">\r\n<tbody>\r\n<tr>\r\n<td><a href=\"https://si0.twimg.com/profile_images/1439805713/helio-teixeira_reasonably_small.jpg\"><img alt=\"https://si0.twimg.com/profile_images/1439805713/helio-teixeira_reasonably_small.jpg\" src=\"https://si0.twimg.com/profile_images/1439805713/helio-teixeira_reasonably_small.jpg\" title=\"https://si0.twimg.com/profile_images/1439805713/helio-teixeira_reasonably_small.jpg\" /></a></td>\r\n<td>Profissional de comunica\u00e7\u00e3o e pesquisador da Cultura Digital e dos processos comunicacionais mediados pelas novas m\u00eddias. Estudioso das tecnologias sociais digitais e dos mecanismos agregadores de intelig\u00eancia coletiva em ambientes digitais. Fundador do Instituto H\u00e9lio Teixeira. Participante ativo, com contribui\u00e7\u00f5es destacadas, em diversos f\u00f3runs acad\u00eamicos de discuss\u00e3o da tem\u00e1tica da Comunica\u00e7\u00e3o mediada por meios digitais. Atualmente dedica boa parte do seu tempo ao estudo da Psicologia Social aplicada ao que ele chama de \"ambientes visuais-deliberativos digitais\". Seguir\u00a0<a class=\"ext-link\" href=\"http://twitter.com/helioteixeira\"><span class=\"icon\"></span>@helioteixeira</a></td>\r\n</tr>\r\n</tbody>\r\n</table>\r\n<h3 id=\"JeanFerri\">Jean Ferri<a class=\"anchor\" href=\"https://colab.interlegis.leg.br/wiki/VEncontroGitec#JeanFerri\" title=\"Link para esta se\u00e7\u00e3o\"></a></h3>\r\n<table class=\"wiki\">\r\n<tbody>\r\n<tr>\r\n<td><a href=\"http://colab.interlegis.leg.br/raw-attachment/wiki/VEncontroGitec/jean-192x192.jpg\"><img alt=\"http://colab.interlegis.leg.br/raw-attachment/wiki/VEncontroGitec/jean-192x192.jpg\" src=\"http://colab.interlegis.leg.br/raw-attachment/wiki/VEncontroGitec/jean-192x192.jpg\" title=\"http://colab.interlegis.leg.br/raw-attachment/wiki/VEncontroGitec/jean-192x192.jpg\" /></a></td>\r\n<td>Bacharel em Inform\u00e1tica (An\u00e1lise de Sistemas) e P\u00f3s-Graduado em Software Livre (Seguran\u00e7a de Redes). Analista de Sistemas do Programa Interlegis (Senado Federal) desde julho de 2004, atuando na an\u00e1lise e desenvolvimento de sistemas e entusiasta de suas comunidades. Participante de comunidades de software livre h\u00e1 mais de 15 anos, foi um dos fundadores da Associa\u00e7\u00e3o Python Brasil, das comunidades Python, Zope e Plone brasileiras e do portal\u00a0<a class=\"missing wiki\">TcheZope?</a>.org, que hoje \u00e9 o\u00a0<a class=\"ext-link\" href=\"http://plone.org.br/\"><span class=\"icon\"></span>Plone.org.br</a>. Seguir\u00a0<a class=\"ext-link\" href=\"http://twitter.com/JeanFerri\"><span class=\"icon\"></span>@JeanFerri</a></td>\r\n</tr>\r\n</tbody>\r\n</table>\r\n<h3 id=\"Jo\u00e3oAlbertodeOliveiraLima\">Jo\u00e3o Alberto de Oliveira Lima<a class=\"anchor\" href=\"https://colab.interlegis.leg.br/wiki/VEncontroGitec#Jo%C3%A3oAlbertodeOliveiraLima\" title=\"Link para esta se\u00e7\u00e3o\"></a></h3>\r\n<table class=\"wiki\">\r\n<tbody>\r\n<tr>\r\n<td><a href=\"http://colab.interlegis.leg.br/raw-attachment/wiki/VEncontroGitec/joao-lima.jpg\"><img alt=\"http://colab.interlegis.leg.br/raw-attachment/wiki/VEncontroGitec/joao-lima.jpg\" src=\"http://colab.interlegis.leg.br/raw-attachment/wiki/VEncontroGitec/joao-lima.jpg\" title=\"http://colab.interlegis.leg.br/raw-attachment/wiki/VEncontroGitec/joao-lima.jpg\" /></a></td>\r\n<td>Possui gradua\u00e7\u00e3o em Ci\u00eancia da Computa\u00e7\u00e3o pela Universidade Federal da Para\u00edba (1990), mestrado em Ci\u00eancia da Computa\u00e7\u00e3o pela Universidade de Bras\u00edlia (2000) e doutorado em Ci\u00eancia da Informa\u00e7\u00e3o pela Universidade de Bras\u00edlia (2008) com est\u00e1gio na Universidade de Bolonha (2007). Desde 1995, trabalha como Analista Legislativo no Senado Federal.</td>\r\n</tr>\r\n</tbody>\r\n</table>\r\n<h3 id=\"JulianoRafaelBringerNunes\">Juliano Rafael Bringer Nunes<a class=\"anchor\" href=\"https://colab.interlegis.leg.br/wiki/VEncontroGitec#JulianoRafaelBringerNunes\" title=\"Link para esta se\u00e7\u00e3o\"></a></h3>\r\n<table class=\"wiki\">\r\n<tbody>\r\n<tr>\r\n<td><a href=\"http://colab.interlegis.leg.br/raw-attachment/wiki/VEncontroGitec/julianobringer_gmail.com_cb3c7324.jpg\"><img alt=\"http://colab.interlegis.leg.br/raw-attachment/wiki/VEncontroGitec/julianobringer_gmail.com_cb3c7324.jpg\" src=\"http://colab.interlegis.leg.br/raw-attachment/wiki/VEncontroGitec/julianobringer_gmail.com_cb3c7324.jpg\" title=\"http://colab.interlegis.leg.br/raw-attachment/wiki/VEncontroGitec/julianobringer_gmail.com_cb3c7324.jpg\" /></a></td>\r\n<td>T\u00e9cnico em Processamento de Dados, funcion\u00e1rio comissionado da C\u00e2mara Municipal de Domingos Martins h\u00e1 10 anos, atuante no setor de Processamento de Dados da C\u00e2mara Municipal, onde utilizamos o SAPL desde 2003 e Portal Modelo desde 2006. Multiplicador dos Produtos Interlegis e Supervisor de Instala\u00e7\u00f5es do PPM (Projeto Piloto de Moderniza\u00e7\u00e3o). Seguir\u00a0<a class=\"ext-link\" href=\"http://twitter.com/julianobringer\"><span class=\"icon\"></span>@julianobringer</a></td>\r\n</tr>\r\n</tbody>\r\n</table>\r\n<h3 id=\"LeonardoCaballero\">Leonardo Caballero<a class=\"anchor\" href=\"https://colab.interlegis.leg.br/wiki/VEncontroGitec#LeonardoCaballero\" title=\"Link para esta se\u00e7\u00e3o\"></a></h3>\r\n<table class=\"wiki\">\r\n<tbody>\r\n<tr>\r\n<td><a href=\"http://www.plonesymposium.com.br/banco-de-imagens/leonardo-caballero/@@images/88fcab6d-bc01-4f4a-a4b5-907f80a8e2bc.jpeg\"><img alt=\"http://www.plonesymposium.com.br/banco-de-imagens/leonardo-caballero/@@images/88fcab6d-bc01-4f4a-a4b5-907f80a8e2bc.jpeg\" src=\"http://www.plonesymposium.com.br/banco-de-imagens/leonardo-caballero/@@images/88fcab6d-bc01-4f4a-a4b5-907f80a8e2bc.jpeg\" title=\"http://www.plonesymposium.com.br/banco-de-imagens/leonardo-caballero/@@images/88fcab6d-bc01-4f4a-a4b5-907f80a8e2bc.jpeg\" /></a></td>\r\n<td>Is native from Maracaibo (Zulia), Venezuela. He is a partner of\u00a0<a class=\"wiki\" href=\"https://colab.interlegis.leg.br/wiki/PloneGov\">PloneGov</a>\u00a0communities such as\u00a0<a class=\"missing wiki\">CommunesPlone?</a>\u00a0in Belgium, Open eGov in USA, Interlegis in Brazilian Federal Senate; and the main developer community, the Spanish version of the tool Cyn.in. He is also a founding member of the Venezuelan Plone community. He is a technical reviewer of 'Packt publishing' Editorial in the cookbook called \"Plone Intranet\" and main maintainer of \"Documentaci\u00f3n oficial de Plone en Espa\u00f1ol\" initiative. Seguir\u00a0<a class=\"ext-link\" href=\"http://twitter.com/macagua\"><span class=\"icon\"></span>@macagua</a></td>\r\n</tr>\r\n</tbody>\r\n</table>\r\n<h3 id=\"MarcioMazza\">Marcio Mazza<a class=\"anchor\" href=\"https://colab.interlegis.leg.br/wiki/VEncontroGitec#MarcioMazza\" title=\"Link para esta se\u00e7\u00e3o\"></a></h3>\r\n<table class=\"wiki\">\r\n<tbody>\r\n<tr>\r\n<td><a href=\"http://www.plonesymposium.com.br/banco-de-imagens/marcio-mazza\"><img alt=\"http://www.plonesymposium.com.br/banco-de-imagens/marcio-mazza\" src=\"http://www.plonesymposium.com.br/banco-de-imagens/marcio-mazza\" title=\"http://www.plonesymposium.com.br/banco-de-imagens/marcio-mazza\" /></a></td>\r\n<td>Bacharel em Computa\u00e7\u00e3o e mestre em Matem\u00e1tica pela Universidade Federal do Cear\u00e1. Analista de Inform\u00e1tica do Senado Federal, no Programa Interlegis. Membro ativo da comunidade Plone. Entusiasta do Software Livre, M\u00e9todos \u00c1geis, Python, Emacs e Git. Seguir\u00a0<a class=\"ext-link\" href=\"http://twitter.com/marciomazza\"><span class=\"icon\"></span>@marciomazza</a></td>\r\n</tr>\r\n</tbody>\r\n</table>\r\n<h3 id=\"RafaelAnt\u00f4nioMarquesGomes\">Rafael Ant\u00f4nio Marques Gomes<a class=\"anchor\" href=\"https://colab.interlegis.leg.br/wiki/VEncontroGitec#RafaelAnt%C3%B4nioMarquesGomes\" title=\"Link para esta se\u00e7\u00e3o\"></a></h3>\r\n<table class=\"wiki\">\r\n<tbody>\r\n<tr>\r\n<td><a href=\"http://colab.interlegis.leg.br/raw-attachment/wiki/VEncontroGitec/rafael_engitec.png\"><img alt=\"http://colab.interlegis.leg.br/raw-attachment/wiki/VEncontroGitec/rafael_engitec.png\" src=\"http://colab.interlegis.leg.br/raw-attachment/wiki/VEncontroGitec/rafael_engitec.png\" title=\"http://colab.interlegis.leg.br/raw-attachment/wiki/VEncontroGitec/rafael_engitec.png\" /></a></td>\r\n<td>Diretor de Tecnologia da Informa\u00e7\u00e3o da C\u00e2mara Municipal de Ouro Preto desde jan/2009. Professor do curso de Automa\u00e7\u00e3o Industrial do Instituto Federal de Minas Gerais, campus Ouro Preto. Bacharel em Sistemas de Informa\u00e7\u00e3o e atualmente mestrando em Ci\u00eancias da Computa\u00e7\u00e3o pela Universidade Federal de Ouro Preto.</td>\r\n</tr>\r\n</tbody>\r\n</table>\r\n<h3 id=\"RamiroLuz\">Ramiro Luz<a class=\"anchor\" href=\"https://colab.interlegis.leg.br/wiki/VEncontroGitec#RamiroLuz\" title=\"Link para esta se\u00e7\u00e3o\"></a></h3>\r\n<table class=\"wiki\">\r\n<tbody>\r\n<tr>\r\n<td><a href=\"http://colab.interlegis.leg.br/raw-attachment/wiki/VEncontroGitec/ramiro.jpg\"><img alt=\"http://colab.interlegis.leg.br/raw-attachment/wiki/VEncontroGitec/ramiro.jpg\" src=\"http://colab.interlegis.leg.br/raw-attachment/wiki/VEncontroGitec/ramiro.jpg\" title=\"http://colab.interlegis.leg.br/raw-attachment/wiki/VEncontroGitec/ramiro.jpg\" /></a></td>\r\n<td>Membro da Free Software Foundation, suplente do conselho da Associa\u00e7\u00e3o Python Brasil e programador com 17 anos de experi\u00eancia. Conhecimento em linguagens de programa\u00e7\u00e3o como Python, PHP, PL/SQL, Shell Script, Delphi, Pascal, Clipper e tamb\u00e9m em ASP e Java. Administrador de bancos de dados Oracle e Postgresql com conhecimento na administra\u00e7\u00e3o de servidores Linux, Apache e\u00a0<a class=\"missing wiki\">Zope/Plone?</a>. Participa de comunidades de software livre como Debian-PR, Python-PR, Debian-BR, Python-BR e Postgresql-BR. Atua atualmente como programador da C\u00e2mara Municipal de Curitiba desenvolvendo sistemas com Python, PHP e shell script e implantando projeto de grava\u00e7\u00e3o e transmiss\u00e3o das sess\u00f5es plen\u00e1rias ao vivo em \u00e1udio e v\u00eddeo. Seguir\u00a0<a class=\"ext-link\" href=\"http://twitter.com/ramiroluz\"><span class=\"icon\"></span>@ramiroluz</a></td>\r\n</tr>\r\n</tbody>\r\n</table>\r\n<h3 id=\"RobsonPaniagodeMiranda\">Robson Paniago de Miranda<a class=\"anchor\" href=\"https://colab.interlegis.leg.br/wiki/VEncontroGitec#RobsonPaniagodeMiranda\" title=\"Link para esta se\u00e7\u00e3o\"></a></h3>\r\n<table class=\"wiki\">\r\n<tbody>\r\n<tr>\r\n<td><a href=\"http://colab.interlegis.leg.br/raw-attachment/wiki/VEncontroGitec/robson.jpg\"><img alt=\"http://colab.interlegis.leg.br/raw-attachment/wiki/VEncontroGitec/robson.jpg\" src=\"http://colab.interlegis.leg.br/raw-attachment/wiki/VEncontroGitec/robson.jpg\" title=\"http://colab.interlegis.leg.br/raw-attachment/wiki/VEncontroGitec/robson.jpg\" /></a></td>\r\n<td>Mestre em Engenharia El\u00e9trica pela Universidade de Bras\u00edlia, trabalha com Tecnologia da Informa\u00e7\u00e3o h\u00e1 16 anos. Trabalha com tecnologias Web h\u00e1 8 anos, tendo participando de projetos no Minist\u00e9rio P\u00fablico do DF, na Controladoria-Geral da Uni\u00e3o e na C\u00e2mara dos Deputados, onde trabalha com o desenvolvimento da plataforma eDemocracia.</td>\r\n</tr>\r\n</tbody>\r\n</table>\r\n<h3 id=\"S\u00e9rgioRobertoDamiati\">S\u00e9rgio Roberto Damiati<a class=\"anchor\" href=\"https://colab.interlegis.leg.br/wiki/VEncontroGitec#S%C3%A9rgioRobertoDamiati\" title=\"Link para esta se\u00e7\u00e3o\"></a></h3>\r\n<table class=\"wiki\">\r\n<tbody>\r\n<tr>\r\n<td><a href=\"http://colab.interlegis.leg.br/raw-attachment/wiki/VEncontroGitec/sergiodamiati.jpg\"><img alt=\"http://colab.interlegis.leg.br/raw-attachment/wiki/VEncontroGitec/sergiodamiati.jpg\" src=\"http://colab.interlegis.leg.br/raw-attachment/wiki/VEncontroGitec/sergiodamiati.jpg\" title=\"http://colab.interlegis.leg.br/raw-attachment/wiki/VEncontroGitec/sergiodamiati.jpg\" /></a></td>\r\n<td>Formado em Tecnologia em Processamento de Dados pela Fatec (Unesp) SP. Com cursos nas \u00e1reas de Web, Administra\u00e7\u00e3o de Sistemas Linux, Administra\u00e7\u00e3o de Redes, Firewall e seguran\u00e7a e Dtml. \u00c9 funcion\u00e1rio de carreira da C\u00e2mara Municipal de Campinas desde 1991 e Chefe do Setor de inform\u00e1tica desde 2003. Especialista em software livre e migra\u00e7\u00e3o de dados. Seguir\u00a0<a class=\"ext-link\" href=\"http://twitter.com/sdamiati\"><span class=\"icon\"></span>@sdamiati</a></td>\r\n</tr>\r\n</tbody>\r\n</table>\r\n<h3 id=\"Ses\u00f3strisVieira\">Ses\u00f3stris Vieira<a class=\"anchor\" href=\"https://colab.interlegis.leg.br/wiki/VEncontroGitec#Ses%C3%B3strisVieira\" title=\"Link para esta se\u00e7\u00e3o\"></a></h3>\r\n<table class=\"wiki\">\r\n<tbody>\r\n<tr>\r\n<td><a href=\"http://colab.interlegis.leg.br/raw-attachment/wiki/VEncontroGitec/227443_175429225845524_3819184_n.jpg\"><img alt=\"http://colab.interlegis.leg.br/raw-attachment/wiki/VEncontroGitec/227443_175429225845524_3819184_n.jpg\" src=\"http://colab.interlegis.leg.br/raw-attachment/wiki/VEncontroGitec/227443_175429225845524_3819184_n.jpg\" title=\"http://colab.interlegis.leg.br/raw-attachment/wiki/VEncontroGitec/227443_175429225845524_3819184_n.jpg\" /></a></td>\r\n<td>Cientista da Computa\u00e7\u00e3o, trabalha com Tecnologia da Informa\u00e7\u00e3o em governo h\u00e1 26 anos. Foi gerente de inform\u00e1tica do Instituto Estadual de Florestas de Minas gerais, analista de sistemas da Prefeitura Municipal de Belo Horizonte e trabalhou no desenvolvimento do Portal de Internet do Minist\u00e9rio P\u00fablico de Minas Gerais. Atualmente \u00e9 Analista de Inform\u00e1tica Legislativa do Senado Federal lotado no Interlegis. Seguir\u00a0<a class=\"ext-link\" href=\"http://twitter.com/SesostrisVieira\"><span class=\"icon\"></span>@SesostrisVieira</a></td>\r\n</tr>\r\n</tbody>\r\n</table>\r\n<h3 id=\"ThiagoAthaydeViana\">Thiago Athayde Viana<a class=\"anchor\" href=\"https://colab.interlegis.leg.br/wiki/VEncontroGitec#ThiagoAthaydeViana\" title=\"Link para esta se\u00e7\u00e3o\"></a></h3>\r\n<table class=\"wiki\">\r\n<tbody>\r\n<tr>\r\n<td><a href=\"http://colab.interlegis.leg.br/raw-attachment/wiki/VEncontroGitec/304214_268701613174159_515621884_a.jpg\"><img alt=\"http://colab.interlegis.leg.br/raw-attachment/wiki/VEncontroGitec/304214_268701613174159_515621884_a.jpg\" src=\"http://colab.interlegis.leg.br/raw-attachment/wiki/VEncontroGitec/304214_268701613174159_515621884_a.jpg\" title=\"http://colab.interlegis.leg.br/raw-attachment/wiki/VEncontroGitec/304214_268701613174159_515621884_a.jpg\" /></a></td>\r\n<td>Servidor P\u00fablico Municipal da C\u00e2mara Municipal de Cachoeiro de Itapemirim - ES h\u00e1 15 anos. Supervisor de TI da C\u00e2mara Municipal. Bacharel em Direito. Participou do PPM.Parceiro do Interlegis desde 1999 e Usu\u00e1rio GNU/Linux Ubuntu. Seguir\u00a0<a class=\"ext-link\" href=\"http://twitter.com/thiagoathayde\"><span class=\"icon\"></span>@thiagoathayde</a></td>\r\n</tr>\r\n</tbody>\r\n</table>\r\n<h3 id=\"WagnerTeixeira\">Wagner Teixeira<a class=\"anchor\" href=\"https://colab.interlegis.leg.br/wiki/VEncontroGitec#WagnerTeixeira\" title=\"Link para esta se\u00e7\u00e3o\"></a></h3>\r\n<table class=\"wiki\">\r\n<tbody>\r\n<tr>\r\n<td><a href=\"http://www.gravatar.com/avatar/d9307c67ae70a7d61b28a3bbcd74c006?s=128\"><img alt=\"http://www.gravatar.com/avatar/d9307c67ae70a7d61b28a3bbcd74c006\" src=\"http://www.gravatar.com/avatar/d9307c67ae70a7d61b28a3bbcd74c006?s=128\" title=\"http://www.gravatar.com/avatar/d9307c67ae70a7d61b28a3bbcd74c006\" /></a></td>\r\n<td>Formado em Tecnologia em Processamento de Dados pelo UNICEUB/DF, iniciou a carreira amadora em um TK82C e profissional como programador de suporte em linguagem C no UNIX SysV EDIX em 1989. Possui experi\u00eancia em diversos ambientes de processamento, curte C, C++, Python, Java e sistemas embarcados, entre outros. Autor de diversos softwares incluindo um banco de dados textual. Seguir\u00a0<a class=\"ext-link\" href=\"http://twitter.com/WT_\"><span class=\"icon\"></span>@WT_</a></td>\r\n</tr>\r\n</tbody>\r\n</table>\r\n<h3 id=\"WinstonFerreira\">Winston Ferreira<a class=\"anchor\" href=\"https://colab.interlegis.leg.br/wiki/VEncontroGitec#WinstonFerreira\" title=\"Link para esta se\u00e7\u00e3o\"></a></h3>\r\n<table class=\"wiki\">\r\n<tbody>\r\n<tr>\r\n<td><a href=\"http://www.plonesymposium.com.br/banco-de-imagens/winston-ferreira\"><img alt=\"http://www.plonesymposium.com.br/banco-de-imagens/winston-ferreira\" src=\"http://www.plonesymposium.com.br/banco-de-imagens/winston-ferreira\" title=\"http://www.plonesymposium.com.br/banco-de-imagens/winston-ferreira\" /></a></td>\r\n<td>Formado em Tecnologia em Desenvolvimento de Software pela UnICESP/DF. Possui cursos de Administra\u00e7\u00e3o de Sistemas Linux e Redes e Servidores Linux. J\u00e1 trabalhou no ESMPU, Liberiun (Intranet Caixa e Painel de Projetos). Atualmente trabalha na Tecnisys Tecnologias Inovadoras como desenvolvedor Plone nos projetos Intranet CGU e Portalzinho CGU.</td>\r\n</tr>\r\n</tbody>\r\n</table>\r\n<hr />\r\n<h2 id=\"Inscri\u00e7\u00f5es\">Inscri\u00e7\u00f5es<a class=\"anchor\" href=\"https://colab.interlegis.leg.br/wiki/VEncontroGitec#Inscri%C3%A7%C3%B5es\" title=\"Link para esta se\u00e7\u00e3o\"></a></h2>\r\n<ul>\r\n<li>Inscri\u00e7\u00f5es encerradas.</li>\r\n</ul>\r\n<h2 id=\"Convites\">Convites<a class=\"anchor\" href=\"https://colab.interlegis.leg.br/wiki/VEncontroGitec#Convites\" title=\"Link para esta se\u00e7\u00e3o\"></a></h2>\r\n<p>As casas legislativas, ou servidores, que necessitem de convites espec\u00edficos, por gentileza enviem e-mail solicitando o mesmo para:</p>\r\n<p><a>encontrogitec@interlegis.leg.br</a><span></span></p>\r\n<p>Informamos que os convites ser\u00e3o enviados por e-mail, em nome do Encontro Nacional do GITEC. Sendo assim, especifiquem detalhes que tenham que constar, al\u00e9m do endere\u00e7o eletr\u00f4nico para qual o mesmo dever\u00e1 ser remetido.</p>\r\n<h2 id=\"Infraestruturahospedagemtransporteedicas\">Infraestrutura, hospedagem, transporte e dicas<a class=\"anchor\" href=\"https://colab.interlegis.leg.br/wiki/VEncontroGitec#Infraestruturahospedagemtransporteedicas\" title=\"Link para esta se\u00e7\u00e3o\"></a></h2>\r\n<p>Conhe\u00e7a Bras\u00edlia:\u00a0<a class=\"ext-link\" href=\"http://pt.wikipedia.org/wiki/Bras%C3%ADlia\"><span class=\"icon\"></span>http://pt.wikipedia.org/wiki/Bras\u00edlia</a></p>\r\n<h3 id=\"Hot\u00e9is\">Hot\u00e9is<a class=\"anchor\" href=\"https://colab.interlegis.leg.br/wiki/VEncontroGitec#Hot%C3%A9is\" title=\"Link para esta se\u00e7\u00e3o\"></a></h3>\r\n<ul>\r\n<li><a class=\"ext-link\" href=\"http://www.hotel.com.br/hoteis-em-brasilia.html\"><span class=\"icon\"></span>Lista de hot\u00e9is com foto</a></li>\r\n</ul>\r\n<blockquote>\r\n<p><strong>Obs</strong>: O setor hoteleiro\u00a0<strong>norte</strong>\u00a0fica mais pr\u00f3ximo do local do evento.</p>\r\n</blockquote>\r\n<blockquote>\r\n<p><strong>Obs2</strong>: Recomendamos fazer a reserva com anteced\u00eancia pois a rede hoteleira de Bras\u00edlia est\u00e1 sobrecarregada.</p>\r\n</blockquote>\r\n<h3 id=\"Transporte\">Transporte<a class=\"anchor\" href=\"https://colab.interlegis.leg.br/wiki/VEncontroGitec#Transporte\" title=\"Link para esta se\u00e7\u00e3o\"></a></h3>\r\n<p>T\u00e1xi com desconto:</p>\r\n<ul>\r\n<li>T\u00e1xi Maranata (61) 3323-3900 e T\u00e1xi Alvorada: (61)3321-3030</li>\r\n<li>Bras\u00edlia R\u00e1dio T\u00e1xi - telefone: (61) 3344-3060 / 3344-1000</li>\r\n<li>Coobr\u00e1s R\u00e1dio T\u00e1xi - telefone: +55 (61) 3224-1000</li>\r\n<li><a class=\"ext-link\" href=\"http://www.rnp.br/capacitacao/sci/2005/informacoes.html\"><span class=\"icon\"></span>Outras informa\u00e7\u00f5es...</a></li>\r\n<li>Translado do aeroporto at\u00e9 a rodovi\u00e1ria:\r\n<ul>\r\n<li><a class=\"ext-link\" href=\"http://arquivos.interlegis.leg.br/interlegis/SPDT/engitec/translado-onibus.pdf\"><span class=\"icon\"></span>Tabela de hor\u00e1rios da TCB, que faz o trajeto Aeroporto JK / Centro com \u00f4nibus executivo</a></li>\r\n<li>T\u00e1xi - R$ 45,00 em m\u00e9dia a corrida do aeroporto at\u00e9 os setores hoteleiros</li>\r\n<li>Lota\u00e7\u00e3o - R$ 5,00 em m\u00e9dia do aeroporto at\u00e9 a rodovi\u00e1ria (pr\u00f3ximo aos setores hoteleiros</li>\r\n</ul>\r\n</li>\r\n<li><a class=\"ext-link\" href=\"http://vidasemcarro.blogspot.com/2009/07/taxi-para-o-aeroporto-nunca-mais.html\"><span class=\"icon\"></span>Dica sobre taxi em Bras\u00edlia - DF</a></li>\r\n</ul>\r\n<h3 id=\"Alimenta\u00e7\u00e3o\">Alimenta\u00e7\u00e3o<a class=\"anchor\" href=\"https://colab.interlegis.leg.br/wiki/VEncontroGitec#Alimenta%C3%A7%C3%A3o\" title=\"Link para esta se\u00e7\u00e3o\"></a></h3>\r\n<ul>\r\n<li>Restaurantes da C\u00e2mara dos Deputados - Sem restri\u00e7\u00f5es de acesso a pessoal externo -\u00a0<a class=\"ext-link\" href=\"http://maps.google.com.br/maps/ms?ie=UTF8&amp;hq=&amp;hnear=Carneirinho+-+MG&amp;msa=0&amp;msid=116337486741096216436.000478a88153dde5086d3&amp;ll=-15.797822,-47.863948&amp;spn=0.004966,0.009645&amp;t=h&amp;z=17\"><span class=\"icon\"></span>veja o mapa</a></li>\r\n<li>Restaurante do Minist\u00e9rio das Comunica\u00e7\u00f5es - Aberto a pessoal externo ap\u00f3s as 13:00 hs -\u00a0<a class=\"ext-link\" href=\"http://maps.google.com.br/maps/ms?msid=208244904635118535874.000478a6d3dbc2df2ae07&amp;msa=0\"><span class=\"icon\"></span>veja o mapa</a></li>\r\n<li>Restaurante do Minist\u00e9rio da Justi\u00e7a - Aberto a pessoal externo ap\u00f3s as 13:00 hs -\u00a0<a class=\"ext-link\" href=\"http://maps.google.com.br/maps/ms?ie=UTF8&amp;hq=&amp;hnear=Carneirinho+-+MG&amp;msa=0&amp;msid=116337486741096216436.000478a6a26c07163a03f&amp;ll=-15.796291,-47.865158&amp;spn=0.001241,0.002411&amp;t=h&amp;z=19\"><span class=\"icon\"></span>veja o mapa</a></li>\r\n<li>Restaurante do STF - Aberto a pessoal externo ap\u00f3s as 13:00 hs -\u00a0<a class=\"ext-link\" href=\"http://maps.google.com.br/maps/ms?ie=UTF8&amp;hq=&amp;hnear=Carneirinho+-+MG&amp;msa=0&amp;msid=116337486741096216436.000478a908912139e2365&amp;ll=-15.799625,-47.863483&amp;spn=0.009271,0.013797&amp;t=h&amp;z=16\"><span class=\"icon\"></span>veja o mapa</a></li>\r\n<li>Restaurante do TCU - Aberto a pessoal externo ap\u00f3s as 13:30 hs -\u00a0<a class=\"ext-link\" href=\"http://maps.google.com.br/maps/ms?ie=UTF8&amp;hl=pt-BR&amp;msa=0&amp;msid=116337486741096216436.000478b90d54822698544&amp;ll=-15.799976,-47.863076&amp;spn=0.00927,0.013797&amp;t=h&amp;z=16\"><span class=\"icon\"></span>veja o mapa</a></li>\r\n</ul>\r\n<h3 id=\"Confraterniza\u00e7\u00e3oFinal\">Confraterniza\u00e7\u00e3o Final<a class=\"anchor\" href=\"https://colab.interlegis.leg.br/wiki/VEncontroGitec#Confraterniza%C3%A7%C3%A3oFinal\" title=\"Link para esta se\u00e7\u00e3o\"></a></h3>\r\n<ul>\r\n<li>A confraterniza\u00e7\u00e3o do V GITEC ser\u00e1 no dia 22 de agosto, das 12:00h \u00e0s 14:30h , a qual acontecer\u00e1 no restaurante\u00a0<a class=\"ext-link\" href=\"http://www.mangai.com.br/site/o-mangai/unidades/brasilia/\"><span class=\"icon\"></span>Mangai</a>, local que oferece uma excelente infraestrutura, com card\u00e1pio variado e decora\u00e7\u00e3o t\u00edpica.</li>\r\n</ul>\r\n<h3 id=\"Observa\u00e7\u00f5es\">Observa\u00e7\u00f5es<a class=\"anchor\" href=\"https://colab.interlegis.leg.br/wiki/VEncontroGitec#Observa%C3%A7%C3%B5es\" title=\"Link para esta se\u00e7\u00e3o\"></a></h3>\r\n<ul>\r\n<li>Ser\u00e3o emitidos certificados de participa\u00e7\u00e3o para cada pessoa\u00a0<a class=\"ext-link\" href=\"http://www.interlegis.gov.br/inscreve_candidato_form?cod_evento=75\"><span class=\"icon\"></span>que se inscrever no evento</a>\u00a0e efetivamente participar;</li>\r\n<li>O evento ser\u00e1\u00a0<a class=\"ext-link\" href=\"http://www.interlegis.gov.br/produtos_servicos/infra-estrutura/videoconferencia/videoconferencia-na-internet-ii/\"><span class=\"icon\"></span>transmitido ao vivo</a>\u00a0pela Internet ou\u00a0<a class=\"ext-link\" href=\"http://wm.interlegis.gov.br/interlegis_2\"><span class=\"icon\"></span>http://wm.interlegis.gov.br/interlegis_2</a></li>\r\n<li>Os v\u00eddeos ser\u00e3o gravados e disponibilizados para \"download\" posteriormente.</li>\r\n</ul>\r\n<p><a href=\"http://encontronacionaldogitec.blogspot.com/\" target=\"_blank\" title=\"Blog\"><img src=\"http://colab.interlegis.leg.br/raw-attachment/wiki/VEncontroGitec/blogger.png\" /></a><span>\u00a0</span><a href=\"http://twitter.com/encontrogitec\" target=\"_blank\" title=\"Sig a-me no Twitter\"><img src=\"http://colab.interlegis.leg.br/raw-attachment/wiki/VEncontroGitec/twitter.png\" /></a><span>\u00a0</span><a href=\"https://picasaweb.google.com/109794535907915031604\" target=\"_blank\" title=\"Siga-me no Picasa\"><img src=\"http://colab.interlegis.leg.br/raw-attachment/wiki/VEncontroGitec/picassa.png\" /></a><span>\u00a0</span><a href=\"http://www.orkut.com.br/Main#Community?cmm=96354167\" target=\"_blank\" title=\"Siga-me no Orkut\"><img src=\"http://colab.interlegis.leg.br/raw-attachment/wiki/VEncontroGitec/orkut.png\" /></a><span>\u00a0</span><a href=\"http://pt-br.facebook.com/people/Encontro-Do-Gitec-Interlegis/100001786868983\" target=\"_blank\" title=\"Siga-me no Facebook\"><img src=\"http://colab.interlegis.leg.br/raw-attachment/wiki/VEncontroGitec/facebook.png\" /></a><span>\u00a0</span><a href=\"https://plus.google.com/101333964725036322614\" target=\"_blank\" title=\"Siga-me no Google Plus\"><img src=\"http://colab.interlegis.leg.br/raw-attachment/wiki/VEncontroGitec/googleplus.png\" /></a></p>\r\n<h2 id=\"FotosdoEvento\">Fotos do Evento<a class=\"anchor\" href=\"https://colab.interlegis.leg.br/wiki/VEncontroGitec#FotosdoEvento\" title=\"Link para esta se\u00e7\u00e3o\"></a></h2>\r\n<ul>\r\n<li><a class=\"ext-link\" href=\"https://plus.google.com/photos/109794535907915031604/albums/5781352634701098065?authkey=COL61Km6w-6U7wE\"><span class=\"icon\"></span>Primeiro Dia - EnGITEC - 20/08/2012</a></li>\r\n<li><a class=\"ext-link\" href=\"https://plus.google.com/photos/109794535907915031604/albums/5781353773704380497\"><span class=\"icon\"></span>Segundo Dia - EnGITEC - 21/08/2012</a></li>\r\n<li><a class=\"ext-link\" href=\"https://plus.google.com/photos/109794535907915031604/albums/5781355374460946177\"><span class=\"icon\"></span>Terceiro dia - EnGITEC/PSSA - 22/08/2012</a></li>\r\n<li><a class=\"ext-link\" href=\"https://plus.google.com/photos/109794535907915031604/albums/5781357406456095089\"><span class=\"icon\"></span>Quarto dia - PSSA - 23/08/2012</a></li>\r\n<li><a class=\"ext-link\" href=\"https://plus.google.com/photos/109794535907915031604/albums/5781358189522180209\"><span class=\"icon\"></span>Quinto dia - PSSA - 24/08/2012</a></li>\r\n<li><a class=\"ext-link\" href=\"https://plus.google.com/photos/114820658060224807617/albums/5781528333071275777\"><span class=\"icon\"></span>Fotos do Fabiano Weimar</a></li>\r\n<li><a class=\"ext-link\" href=\"https://plus.google.com/u/0/photos/101901829245028073230/albums/5782071285651850193\"><span class=\"icon\"></span>Fotos do Ramiro Luz</a></li>\r\n<li>Sexto dia - Sprint - 25/08/2012:<br /><a class=\"ext-link\" href=\"https://plus.google.com/photos/114820658060224807617/albums/5781530753573863409\"><span class=\"icon\"></span>Fotos do Fabiano Weimar</a></li>\r\n<li>[S\u00e9timo dia - Sprint - 26/08/2012]</li>\r\n</ul>", "author_name": "Layzzinha", "version": "1.0", "author_url": "https://engitec.interlegis.leg.br/author/Layzzinha", "provider_name": "Portal do GITEC", "type": "rich"}