{"provider_url": "https://engitec.interlegis.leg.br", "title": "Devair Sebasti\u00e3o Nunes", "html": "<h2>Devair Sebasti\u00e3o Nunes</h2>\r\n<p>\u00a0</p>\r\n<p><img src=\"https://engitec.interlegis.leg.br/engitec/edicoes/14o-engitec/palestrantes/WhatsAppImage20240502at12.31.131.jpeg/@@images/754c5029-793d-4a71-b961-7549db1c9e2c.jpeg\" style=\"float: right; \" title=\"foto-devair-sebastiao-nunes\" class=\"image-inline\" alt=\"foto-devair-sebastiao-nunes\" /></p>\r\n<p>Homem negro, 57 anos<br />Graduado pela FATEC-SP em Processamento de Dados<br />P\u00f3s-gradua\u00e7\u00e3o em Gest\u00e3o de Tecnologia da Informa\u00e7\u00e3o pela UNB e em Marketing Digital pela Est\u00e1cio <br />Servidor P\u00fablico lotado na Secretaria Especial de Inform\u00e1tica do Senado Federal \u2013 PRODASEN no cargo de Analista Legislativo \u2013 TI <br />\u00c9 membro do Comit\u00ea Permanente pela Promo\u00e7\u00e3o da Igualdade de G\u00eanero e Ra\u00e7a do Senado Federal e Coordenador do Grupo de Trabalho de Afinidade de Ra\u00e7a tamb\u00e9m do Senado Federal</p>", "author_name": "", "version": "1.0", "author_url": "https://engitec.interlegis.leg.br/author/rodrigo", "provider_name": "Portal do GITEC", "type": "rich"}