{"provider_url": "https://engitec.interlegis.leg.br", "title": "Daniel Pandino Werneck", "html": "<p><img src=\"https://engitec.interlegis.leg.br/engitec/edicoes/14o-engitec/palestrantes/fotodanielpandino.jpg/@@images/6f6e04e9-9dee-4ca1-8fe5-716871557ec3.jpeg\" style=\"float: right; \" title=\"\" class=\"image-inline\" alt=\"\" /><span><span class=\"ui-provider a b c d e f g h i j k l m n o p q r s t u v w x y z ab ac ae af ag ah ai aj ak\" dir=\"ltr\">Tecn\u00f3logo em Educa\u00e7\u00e3o pela Universidade Est\u00e1cio de S\u00e1, bacharel em Publicidade pela Universidade Federal Fluminense, especialista em Gest\u00e3o de Neg\u00f3cios pelo Ibmec/RJ e em Comunica\u00e7\u00e3o P\u00fablica pela Faculdade UnyLeya, mestrando em Design de Produto e Servi\u00e7os pela Universidade do Minho. </span></span></p>\r\n<p><span><span class=\"ui-provider a b c d e f g h i j k l m n o p q r s t u v w x y z ab ac ae af ag ah ai aj ak\" dir=\"ltr\">Atuou como professor do MBA em Marketing Empresarial da Universidade Federal Fluminense e como facilitador do Programa de Forma\u00e7\u00e3o Gerencial do Senado Federal. Fundou o est\u00fadio de design Caf\u00e9 e coordenou a \u00e1rea de Comunica\u00e7\u00e3o e Marketing de uma das empresas do grupo CCR antes de se tornar t\u00e9cnico legislativo do Senado. </span></span></p>\r\n<p><span><span class=\"ui-provider a b c d e f g h i j k l m n o p q r s t u v w x y z ab ac ae af ag ah ai aj ak\" dir=\"ltr\">Na Casa legislativa, j\u00e1 atuou na Comunica\u00e7\u00e3o Interna, chefiou o setor de Cria\u00e7\u00e3o Publicit\u00e1ria e, atualmente, faz parte do N\u00facleo de Apoio \u00e0 Inova\u00e7\u00e3o - Nainova.</span></span></p>", "author_name": "", "version": "1.0", "author_url": "https://engitec.interlegis.leg.br/author/rodrigo", "provider_name": "Portal do GITEC", "type": "rich"}