{"provider_url": "https://engitec.interlegis.leg.br", "title": "14\u00ba EnGITEC - Legislativo Inteligente", "html": "<h2 style=\"text-align: justify; \">Local e Data</h2>\r\n<ul>\r\n<li>De <strong>03 a 07 de junho de 2024<br /></strong></li>\r\n<li><strong>As oficinas ser\u00e3o realizadas no pr\u00e9dio do ILB (perto da gr\u00e1fica do Senado Federal)</strong></li>\r\n<li><strong>As palestras ser\u00e3o realizadas no audit\u00f3rio do <a class=\"external-link\" href=\"https://www.idp.edu.br/\" target=\"_self\" title=\"IDP\">IDP</a> (SGAS Quadra 607 - M\u00f3dulo 49 - Via L2 Sul- Bras\u00edlia - DF - CEP 70.200-670)</strong></li>\r\n<li>Bras\u00edlia - DF<a class=\"ext-link\" href=\"http://maps.google.com.br/maps/ms?ie=UTF8&amp;hl=pt-BR&amp;msa=0&amp;msid=116337486741096216436.000477021846c5958d3c5&amp;ll=-15.796275,-47.864725&amp;spn=0.00112,0.002411&amp;t=h&amp;z=19\"><br /></a></li>\r\n</ul>\r\n<h2 id=\"Inscri\u00e7\u00f5eseconvites\">Inscri\u00e7\u00f5es e convites<span class=\"selectable-text invisible-space copyable-text\" dir=\"ltr\"><span></span></span></h2>\r\n<ul>\r\n<li><a title=\"\" href=\"https://engitec.interlegis.leg.br/engitec/edicoes/13o-arquivos/inscricoes\" class=\"internal-link\" target=\"_self\"><span><span class=\"icon\"></span></span></a><span class=\"ext-link external-link\">As inscri\u00e7\u00f5es est\u00e3o <a class=\"external-link\" href=\"https://saberes.senado.leg.br/course/view.php?id=2684\" target=\"_self\" title=\"Inscri\u00e7\u00f5es para o 14\u00ba EnGITEC\">abertas</a>. Voc\u00ea s\u00f3 precisa se cadastrar no <a class=\"external-link\" href=\"https://saberes.senado.leg.br/course/view.php?id=2684\" target=\"_self\" title=\"Saberes\">Saberes</a> ou se autenticar, caso j\u00e1 tenha cadastro.<br /></span></li>\r\n<li><span class=\"ext-link external-link\">Para gerar seu convite, cadastre-se ou autentique-se no <a class=\"external-link\" href=\"https://saberes.senado.leg.br/course/view.php?id=2684\" target=\"_self\" title=\"Saberes\">Saberes</a> e clique no item: <strong><span class=\"instancename\">Of\u00edcio de convite para o 14\u00ba EnGITEC</span>.</strong> Clique no bot\u00e3o: <strong>Ver certificado</strong>.</span></li>\r\n<li><span class=\"ext-link external-link\"><span><span>As oficinas est\u00e3o com as inscri\u00e7\u00f5es <a class=\"external-link\" href=\"https://saberes.senado.leg.br/course/view.php?id=2684#section-3\" target=\"_self\" title=\"Inscri\u00e7\u00f5es para as oficinas\">abertas</a>.\u00a0</span></span></span></li>\r\n<li><span class=\"ext-link external-link\"><span><span>Acompanhe o grupo de WhatsApp e nossa <a class=\"external-link\" href=\"https://www.instagram.com/engitecoficial?igsh=emtlMTUyZ2VvNnFp\" target=\"_self\" title=\"Instagram do EnGITEC\">rede social</a> para maiores informa\u00e7\u00f5es.</span></span></span></li>\r\n</ul>\r\n<div></div>\r\n<h2>C\u00f3digo de desconto em hot\u00e9is</h2>\r\n<div>\r\n<ul>\r\n<li>O Hotel com c\u00f3digo promocional do evento: <strong>St. Paul</strong></li>\r\n<ul>\r\n<li>C\u00f3digo ENGITEC</li>\r\n<li>Validade 01/06 a 08/06</li>\r\n<li>Telefone para contato: (61) 21028400</li>\r\n<li>Endere\u00e7o: SHS Q.2 Bloco H Asa Sul</li>\r\n</ul>\r\n<li>Pousada IP\u00ca da Vila</li>\r\n<ul>\r\n<li>Necess\u00e1rio entrar em contato direto no telefone (61) 993133750 para verificar se h\u00e1 vagas ainda</li>\r\n</ul>\r\n</ul>\r\n</div>\r\n<div></div>\r\n<div></div>\r\n<h2>Transmiss\u00e3o</h2>\r\n<p>O evento ser\u00e1 transmitido ao vivo pela <span class=\"ext-link\"><span class=\"icon\"></span>Internet</span> pelo canal do <a class=\"external-link\" href=\"https://www.youtube.com/channel/UCU4GFKETdCHIAL03RYBVKbA\" target=\"_self\" title=\"\">YouTube do Interlegis</a><span class=\"external-link\">.</span></p>\r\n<h2 id=\"GrupodeWhatsAppdoEvento\">Voc\u00ea j\u00e1 entrou no grupo de \"<a class=\"missing wiki external-link\" href=\"https://chat.whatsapp.com/J7cFFgXPydLBavzVHe4NLW\" target=\"_self\" title=\"Link para o grupo de WhatsApp do evento\">WhatsApp?</a>\" do evento?</h2>\r\n<p>Acompanhe o evento pelo Grupo <a class=\"external-link\" href=\"https://chat.whatsapp.com/J7cFFgXPydLBavzVHe4NLW\" target=\"_self\" title=\"Link do grupo oficial do evento\">https://chat.whatsapp.com/J7cFFgXPydLBavzVHe4NLW</a></p>\r\n<h2 id=\"Observa\u00e7\u00f5es\">Observa\u00e7\u00f5es</h2>\r\n<ul>\r\n<li>A inscri\u00e7\u00e3o \u00e9 gratuita e vale para os 5 dias do evento.</li>\r\n<li>As oficinas ser\u00e3o em hor\u00e1rios concorrentes, n\u00e3o escolha mais de uma no mesmo dia.</li>\r\n<li>Haver\u00e1 leitura de QR Code em cada treinamento e turno das palestras para registro da presen\u00e7a. Fique atento!</li>\r\n<li>Os certificados s\u00f3 ser\u00e3o gerados para aqueles que estiverem registrados no ambiente de inscri\u00e7\u00e3o e com suas presen\u00e7as registradas via QR Code.</li>\r\n</ul>\r\n<div></div>\r\n<h2><span>Regras para a boa conviv\u00eancia</span></h2>\r\n<div>\r\n<ul>\r\n<li><span>Homens n\u00e3o podem usar bermudas nas depend\u00eancias do Senado, nem na visita\u00e7\u00e3o do Congresso.</span></li>\r\n<li><span>N\u00e3o pode usar chinelos nas depend\u00eancias do Senado, nem na visita\u00e7\u00e3o do Congresso.</span></li>\r\n<li><span></span><span>Sempre usar crach\u00e1 do evento nas depend\u00eancias do Senado.</span></li>\r\n<li><span></span><span>N\u00e3o pode entrar com bebida e comida no audit\u00f3rio.</span></li>\r\n<li><span></span><span>\u00c9 necess\u00e1rio chegar com anteced\u00eancia para fazer o primeiro cadastro nas depend\u00eancias do Senado e para passar no raio-x. O cadastro s\u00f3 ser\u00e1 necess\u00e1rio no primeiro acesso, mas sempre ser\u00e1 necess\u00e1rio passar no raio-x nos dias das palestras e acesso \u00e0s salas das comiss\u00f5es.</span></li>\r\n<li><span>\u00c9 necess\u00e1ria a identifica\u00e7\u00e3o para entrar nas salas das oficinas.</span></li>\r\n</ul>\r\n</div>\r\n<div></div>\r\n<h2>Visita\u00e7\u00e3o no Congresso</h2>\r\n<h3>Lista de visita\u00e7\u00e3o encerrada.</h3>\r\n<div>Observar o item <strong>Regras para a boa conviv\u00eancia</strong>.</div>\r\n<div></div>\r\n<div></div>\r\n<h2 class=\"internal-link\"><span>Ideias Inovadoras!</span></h2>\r\n<h3>Inscri\u00e7\u00f5es encerradas.</h3>\r\n<p>\u00a0</p>\r\n<p>\u00a0</p>\r\n<h2><span>Grade para Oficinas</span></h2>\r\n<ul>\r\n<li><span><strong></strong>As oficinas s\u00e3o concorrentes.</span></li>\r\n<li><span></span><span>Teremos 2 turmas de SAPL, Portal Modelo, Fotografia no celular e Piloto de Planejamento de TI . Isso significa que se voc\u00ea escolheu qualquer uma delas no primeiro dia <strong>N\u00c3O</strong> vai escolher a mesma no segundo dia. Ser\u00e3o os mesmos conte\u00fados.</span></li>\r\n<li><span></span><span>Oficinas de transmiss\u00e3o, Comunica\u00e7\u00e3o Legislativa em tempos de elei\u00e7\u00e3o, Como ser interessante e falar bem em qualquer lugar!! e Plone ser\u00e3o somente uma turma cada.</span></li>\r\n<li><span></span><span>Para as oficinas de Plone e transmiss\u00e3o \u00e9 necess\u00e1rio trazer seu notebook.</span></li>\r\n<li><span></span><span>As oficinas de Licita\u00e7\u00f5es e Contratos e Design Sprint ter\u00e3o dura\u00e7\u00e3o de dois dias. Caso escolha alguma delas, n\u00e3o ser\u00e1 poss\u00edvel fazer mais nenhuma oficina.</span></li>\r\n<li><span></span><span>Teremos a segunda edi\u00e7\u00e3o do Encontro com Parlamentares, convidem seus parlamentares!</span></li>\r\n</ul>\r\n<p>\u00a0</p>\r\n<h3><strong>03/06/2024 - Segunda-feira</strong></h3>\r\n<p><strong><br /></strong></p>\r\n<table class=\"plain\">\r\n<tbody>\r\n<tr>\r\n<td><strong>Hor\u00e1rio</strong></td>\r\n<td><strong>Sala</strong></td>\r\n<td><strong>Oficina</strong></td>\r\n<td><strong>Instrutor</strong></td>\r\n<td><strong>Qtd. Vagas</strong></td>\r\n</tr>\r\n<tr>\r\n<td>09:00-17:00</td>\r\n<td><strong>Sala Laguna Prodasen<br /></strong></td>\r\n<td><strong><a title=\"\" href=\"https://engitec.interlegis.leg.br/engitec/edicoes/14o-engitec/oficinas\" class=\"internal-link\" target=\"_self\">Portal Modelo</a> (Turma 1)</strong></td>\r\n<td><strong>JB</strong></td>\r\n<td>\r\n<p>10</p>\r\n</td>\r\n</tr>\r\n<tr>\r\n<td>09:00-17:00</td>\r\n<td><strong>Sala 01 ILB</strong></td>\r\n<td><strong><span><span class=\"ui-provider ah baf ave bag bah bai baj bak bal bam ban bao bap baq bar bas bat bau bav baw bax bay baz bba bbb bbc bbd bbe bbf bbg bbh bbi bbj bbk bbl\" dir=\"ltr\"><a title=\"\" href=\"https://engitec.interlegis.leg.br/engitec/edicoes/14o-engitec/oficinas\" class=\"internal-link\" target=\"_self\">Piloto de Planejamento de TI (PDTI)</a> (Turma 1)<br /></span></span></strong></td>\r\n<td><strong><a title=\"\" href=\"https://engitec.interlegis.leg.br/engitec/edicoes/14o-engitec/palestrantes/otto-luiz-vilela-do-nascimento\" class=\"internal-link\" target=\"_self\">Otto Luiz Vilela Do Nascimento</a> e <a title=\"\" href=\"https://engitec.interlegis.leg.br/engitec/edicoes/14o-engitec/palestrantes/wennder-indalecio-oliveira-fidelis\" class=\"internal-link\" target=\"_self\">Wennder Indalecio Oliveira Fidelis</a></strong></td>\r\n<td>30</td>\r\n</tr>\r\n<tr>\r\n<td>09:00-11:00</td>\r\n<td><strong><strong>Sala 04 ILB</strong></strong></td>\r\n<td><strong><a title=\"\" href=\"https://engitec.interlegis.leg.br/engitec/edicoes/14o-engitec/oficinas\" class=\"internal-link\" target=\"_self\"><strong></strong></a><strong><a title=\"\" href=\"https://engitec.interlegis.leg.br/engitec/edicoes/14o-engitec/oficinas\" class=\"internal-link\" target=\"_self\">Como ser interessante e falar bem em qualquer lugar!!</a></strong></strong></td>\r\n<td><strong><strong><a title=\"\" href=\"https://engitec.interlegis.leg.br/engitec/edicoes/14o-engitec/palestrantes/junia-melo\" class=\"internal-link\" target=\"_self\">J\u00fania Claudia Godim Melo</a></strong></strong></td>\r\n<td>30</td>\r\n</tr>\r\n<tr>\r\n<td>14:00-17:00</td>\r\n<td><strong><strong>Sala 02 ILB</strong></strong></td>\r\n<td><strong><a title=\"\" href=\"https://engitec.interlegis.leg.br/engitec/edicoes/14o-engitec/oficinas\" class=\"internal-link\" target=\"_self\">Fotografia com o celular</a> (Turma 1)<br /></strong></td>\r\n<td><strong>Leonardo Alves S\u00e1</strong></td>\r\n<td>20</td>\r\n</tr>\r\n<tr>\r\n<td>09:00-17:00</td>\r\n<td><strong><strong>Sala 9 das Comiss\u00f5es</strong></strong></td>\r\n<td><strong><a title=\"\" href=\"https://engitec.interlegis.leg.br/engitec/edicoes/14o-engitec/oficinas\" class=\"internal-link\" target=\"_self\">SAPL</a> (Turma 1)</strong></td>\r\n<td><strong>Adalberto Alves de Oliveira<br /></strong></td>\r\n<td>15</td>\r\n</tr>\r\n<tr>\r\n<td>09:00-17:00</td>\r\n<td><strong>Audit\u00f3rio ACM</strong></td>\r\n<td><strong><strong><a title=\"\" href=\"https://engitec.interlegis.leg.br/engitec/edicoes/14o-engitec/oficinas\" class=\"internal-link\" target=\"_self\">Licita\u00e7\u00f5es e Contratos</a></strong></strong></td>\r\n<td><strong><a title=\"\" href=\"https://engitec.interlegis.leg.br/engitec/edicoes/14o-engitec/palestrantes/felipe-cortes\" class=\"internal-link\" target=\"_self\">Felipe Cortes</a></strong></td>\r\n<td>80</td>\r\n</tr>\r\n<tr>\r\n<td>09:00-17:00</td>\r\n<td><strong>NaInova</strong></td>\r\n<td><strong><span><span class=\"ui-provider ah baf ave bag bah bai baj bak bal bam ban bao bap baq bar bas bat bau bav baw bax bay baz bba bbb bbc bbd bbe bbf bbg bbh bbi bbj bbk bbl\" dir=\"ltr\"><a title=\"\" href=\"https://engitec.interlegis.leg.br/engitec/edicoes/14o-engitec/oficinas\" class=\"internal-link\" target=\"_self\">Gostinho de Design Sprint:</a> </span></span></strong><span class=\"ui-provider ah baf ave bag bah bai baj bak bal bam ban bao bap baq bar bas bat bau bav baw bax bay baz bba bbb bbc bbd bbe bbf bbg bbh bbi bbj bbk bbl\" dir=\"ltr\">breve experimenta\u00e7\u00e3o do framework da Google Venture para criar e testar solu\u00e7\u00f5es <strong>(Turma \u00fanica)</strong><br /></span></td>\r\n<td><strong><a title=\"Daniel Pandino Werneck\" href=\"https://engitec.interlegis.leg.br/engitec/edicoes/14o-engitec/14o-engitec/palestrantes/daniel-pandino-werneck\" class=\"external-link\" target=\"_self\">Daniel Pandino Werneck</a> e Priscila Andrade<br /></strong></td>\r\n<td>30</td>\r\n</tr>\r\n<tr>\r\n<td>09:00-17:00</td>\r\n<td><strong><strong><strong>Sala 08 ILB<br /></strong></strong></strong></td>\r\n<td><strong><strong><span data-sheets-root=\"1\" data-sheets-value=\"{&quot;1&quot;:2,&quot;2&quot;:&quot;Comunica\u00e7\u00e3o Legislativa em tempos de elei\u00e7\u00e3o&quot;}\" data-sheets-userformat=\"{&quot;2&quot;:29377,&quot;3&quot;:{&quot;1&quot;:0},&quot;9&quot;:0,&quot;10&quot;:1,&quot;12&quot;:0,&quot;15&quot;:&quot;\\&quot;Liberation Sans\\&quot;&quot;,&quot;16&quot;:10,&quot;17&quot;:1}\"><span><strong><a title=\"\" href=\"https://engitec.interlegis.leg.br/engitec/edicoes/14o-engitec/oficinas\" class=\"internal-link\" target=\"_self\">Primeiros passos na proje\u00e7\u00e3o e transmiss\u00e3o para C\u00e2maras Municipais</a> (Turma \u00fanica)</strong></span></span></strong></strong></td>\r\n<td>\r\n<p><strong><span data-sheets-root=\"1\" data-sheets-value=\"{&quot;1&quot;:2,&quot;2&quot;:&quot;Agenda esg - Environmental social and governance - Amanda&quot;}\" data-sheets-userformat=\"{&quot;2&quot;:12993,&quot;3&quot;:{&quot;1&quot;:0},&quot;9&quot;:0,&quot;10&quot;:1,&quot;12&quot;:0,&quot;15&quot;:&quot;Arial&quot;,&quot;16&quot;:10}\"><strong>Andr\u00e9 e <a title=\"\" href=\"https://engitec.interlegis.leg.br/engitec/edicoes/14o-engitec/palestrantes/carlos-almeida\" class=\"internal-link\" target=\"_self\">Carlos</a> \u2013 C\u00e2mara Municipal de Sinop/MT e Jeferson \u2013 C\u00e2mara Municipal de Ouril\u00e2ndia do Norte/PA</strong></span></strong></p>\r\n</td>\r\n<td>20 - Precisa trazer seu notebook</td>\r\n</tr>\r\n<tr>\r\n<td>09:00-12:00</td>\r\n<td><strong>Sala 7 das Comiss\u00f5es<br /></strong></td>\r\n<td>\r\n<p><strong><strong><span data-sheets-root=\"1\" data-sheets-value=\"{&quot;1&quot;:2,&quot;2&quot;:&quot;Comunica\u00e7\u00e3o Legislativa em tempos de elei\u00e7\u00e3o&quot;}\" data-sheets-userformat=\"{&quot;2&quot;:29377,&quot;3&quot;:{&quot;1&quot;:0},&quot;9&quot;:0,&quot;10&quot;:1,&quot;12&quot;:0,&quot;15&quot;:&quot;\\&quot;Liberation Sans\\&quot;&quot;,&quot;16&quot;:10,&quot;17&quot;:1}\"><span><strong><strong><span data-sheets-root=\"1\" data-sheets-value=\"{&quot;1&quot;:2,&quot;2&quot;:&quot;Comunica\u00e7\u00e3o Legislativa em tempos de elei\u00e7\u00e3o&quot;}\" data-sheets-userformat=\"{&quot;2&quot;:29377,&quot;3&quot;:{&quot;1&quot;:0},&quot;9&quot;:0,&quot;10&quot;:1,&quot;12&quot;:0,&quot;15&quot;:&quot;\\&quot;Liberation Sans\\&quot;&quot;,&quot;16&quot;:10,&quot;17&quot;:1}\"><a title=\"\" href=\"https://engitec.interlegis.leg.br/engitec/edicoes/14o-engitec/oficinas\" class=\"internal-link\" target=\"_self\">Comunica\u00e7\u00e3o Legislativa em tempos de elei\u00e7\u00e3o</a></span></strong></strong></span></span></strong></strong></p>\r\n</td>\r\n<td>\r\n<p><strong><span data-sheets-root=\"1\" data-sheets-value=\"{&quot;1&quot;:2,&quot;2&quot;:&quot;Agenda esg - Environmental social and governance - Amanda&quot;}\" data-sheets-userformat=\"{&quot;2&quot;:12993,&quot;3&quot;:{&quot;1&quot;:0},&quot;9&quot;:0,&quot;10&quot;:1,&quot;12&quot;:0,&quot;15&quot;:&quot;Arial&quot;,&quot;16&quot;:10}\"><strong></strong><span data-sheets-root=\"1\" data-sheets-value=\"{&quot;1&quot;:2,&quot;2&quot;:&quot;Manh\u00e3 de ideias e liga do bem - Tancredi / Ilana&quot;}\" data-sheets-userformat=\"{&quot;2&quot;:12993,&quot;3&quot;:{&quot;1&quot;:0},&quot;9&quot;:0,&quot;10&quot;:1,&quot;12&quot;:0,&quot;15&quot;:&quot;Arial&quot;,&quot;16&quot;:10}\"><span data-sheets-root=\"1\" data-sheets-value=\"{&quot;1&quot;:2,&quot;2&quot;:&quot;Como ser interessante e falar bem em qualquer lugar!! - Junia&quot;}\" data-sheets-userformat=\"{&quot;2&quot;:12993,&quot;3&quot;:{&quot;1&quot;:0},&quot;9&quot;:0,&quot;10&quot;:1,&quot;12&quot;:0,&quot;15&quot;:&quot;\\&quot;Liberation Sans\\&quot;&quot;,&quot;16&quot;:10}\"><strong><span data-sheets-root=\"1\" data-sheets-value=\"{&quot;1&quot;:2,&quot;2&quot;:&quot;Agenda esg - Environmental social and governance - Amanda&quot;}\" data-sheets-userformat=\"{&quot;2&quot;:12993,&quot;3&quot;:{&quot;1&quot;:0},&quot;9&quot;:0,&quot;10&quot;:1,&quot;12&quot;:0,&quot;15&quot;:&quot;Arial&quot;,&quot;16&quot;:10}\"><strong><a title=\"M\u00e1rcio Camilo\" href=\"https://engitec.interlegis.leg.br/engitec/edicoes/14o-engitec/14o-engitec/palestrantes/marcio-camilo\" class=\"external-link\" target=\"_self\">M\u00e1rcio Camilo</a> - C\u00e2mara Municipal de C\u00e1ceres/MT</strong></span></strong></span></span></span></strong></p>\r\n</td>\r\n<td>\r\n<p>40</p>\r\n</td>\r\n</tr>\r\n<tr>\r\n<td>14:00-17:00</td>\r\n<td>\r\n<p><strong><strong><strong>Sala 3 das Comiss\u00f5es</strong></strong></strong></p>\r\n</td>\r\n<td>\r\n<p><strong><strong><span data-sheets-root=\"1\" data-sheets-value=\"{&quot;1&quot;:2,&quot;2&quot;:&quot;Comunica\u00e7\u00e3o Legislativa em tempos de elei\u00e7\u00e3o&quot;}\" data-sheets-userformat=\"{&quot;2&quot;:29377,&quot;3&quot;:{&quot;1&quot;:0},&quot;9&quot;:0,&quot;10&quot;:1,&quot;12&quot;:0,&quot;15&quot;:&quot;\\&quot;Liberation Sans\\&quot;&quot;,&quot;16&quot;:10,&quot;17&quot;:1}\"><span><strong><strong><span data-sheets-root=\"1\" data-sheets-value=\"{&quot;1&quot;:2,&quot;2&quot;:&quot;Comunica\u00e7\u00e3o Legislativa em tempos de elei\u00e7\u00e3o&quot;}\" data-sheets-userformat=\"{&quot;2&quot;:29377,&quot;3&quot;:{&quot;1&quot;:0},&quot;9&quot;:0,&quot;10&quot;:1,&quot;12&quot;:0,&quot;15&quot;:&quot;\\&quot;Liberation Sans\\&quot;&quot;,&quot;16&quot;:10,&quot;17&quot;:1}\"><strong><strong><span data-sheets-root=\"1\" data-sheets-value=\"{&quot;1&quot;:2,&quot;2&quot;:&quot;Comunica\u00e7\u00e3o Legislativa em tempos de elei\u00e7\u00e3o&quot;}\" data-sheets-userformat=\"{&quot;2&quot;:29377,&quot;3&quot;:{&quot;1&quot;:0},&quot;9&quot;:0,&quot;10&quot;:1,&quot;12&quot;:0,&quot;15&quot;:&quot;\\&quot;Liberation Sans\\&quot;&quot;,&quot;16&quot;:10,&quot;17&quot;:1}\"><span>Encontro com Parlamentares</span></span></strong></strong></span></strong></strong></span></span></strong></strong></p>\r\n<p><strong><strong><span data-sheets-root=\"1\" data-sheets-value=\"{&quot;1&quot;:2,&quot;2&quot;:&quot;Comunica\u00e7\u00e3o Legislativa em tempos de elei\u00e7\u00e3o&quot;}\" data-sheets-userformat=\"{&quot;2&quot;:29377,&quot;3&quot;:{&quot;1&quot;:0},&quot;9&quot;:0,&quot;10&quot;:1,&quot;12&quot;:0,&quot;15&quot;:&quot;\\&quot;Liberation Sans\\&quot;&quot;,&quot;16&quot;:10,&quot;17&quot;:1}\"><span><strong><strong><span data-sheets-root=\"1\" data-sheets-value=\"{&quot;1&quot;:2,&quot;2&quot;:&quot;Comunica\u00e7\u00e3o Legislativa em tempos de elei\u00e7\u00e3o&quot;}\" data-sheets-userformat=\"{&quot;2&quot;:29377,&quot;3&quot;:{&quot;1&quot;:0},&quot;9&quot;:0,&quot;10&quot;:1,&quot;12&quot;:0,&quot;15&quot;:&quot;\\&quot;Liberation Sans\\&quot;&quot;,&quot;16&quot;:10,&quot;17&quot;:1}\"><br /></span></strong></strong></span></span></strong></strong></p>\r\n<strong><strong><span data-sheets-root=\"1\" data-sheets-value=\"{&quot;1&quot;:2,&quot;2&quot;:&quot;Comunica\u00e7\u00e3o Legislativa em tempos de elei\u00e7\u00e3o&quot;}\" data-sheets-userformat=\"{&quot;2&quot;:29377,&quot;3&quot;:{&quot;1&quot;:0},&quot;9&quot;:0,&quot;10&quot;:1,&quot;12&quot;:0,&quot;15&quot;:&quot;\\&quot;Liberation Sans\\&quot;&quot;,&quot;16&quot;:10,&quot;17&quot;:1}\"><span><strong><strong><span data-sheets-root=\"1\" data-sheets-value=\"{&quot;1&quot;:2,&quot;2&quot;:&quot;Comunica\u00e7\u00e3o Legislativa em tempos de elei\u00e7\u00e3o&quot;}\" data-sheets-userformat=\"{&quot;2&quot;:29377,&quot;3&quot;:{&quot;1&quot;:0},&quot;9&quot;:0,&quot;10&quot;:1,&quot;12&quot;:0,&quot;15&quot;:&quot;\\&quot;Liberation Sans\\&quot;&quot;,&quot;16&quot;:10,&quot;17&quot;:1}\"><strong><strong><span data-sheets-root=\"1\" data-sheets-value=\"{&quot;1&quot;:2,&quot;2&quot;:&quot;Comunica\u00e7\u00e3o Legislativa em tempos de elei\u00e7\u00e3o&quot;}\" data-sheets-userformat=\"{&quot;2&quot;:29377,&quot;3&quot;:{&quot;1&quot;:0},&quot;9&quot;:0,&quot;10&quot;:1,&quot;12&quot;:0,&quot;15&quot;:&quot;\\&quot;Liberation Sans\\&quot;&quot;,&quot;16&quot;:10,&quot;17&quot;:1}\"><span></span></span></strong></strong></span></strong></strong></span></span></strong></strong></td>\r\n<td>\r\n<p><strong><span data-sheets-root=\"1\" data-sheets-value=\"{&quot;1&quot;:2,&quot;2&quot;:&quot;Agenda esg - Environmental social and governance - Amanda&quot;}\" data-sheets-userformat=\"{&quot;2&quot;:12993,&quot;3&quot;:{&quot;1&quot;:0},&quot;9&quot;:0,&quot;10&quot;:1,&quot;12&quot;:0,&quot;15&quot;:&quot;Arial&quot;,&quot;16&quot;:10}\"><span data-sheets-root=\"1\" data-sheets-value=\"{&quot;1&quot;:2,&quot;2&quot;:&quot;Manh\u00e3 de ideias e liga do bem - Tancredi / Ilana&quot;}\" data-sheets-userformat=\"{&quot;2&quot;:12993,&quot;3&quot;:{&quot;1&quot;:0},&quot;9&quot;:0,&quot;10&quot;:1,&quot;12&quot;:0,&quot;15&quot;:&quot;Arial&quot;,&quot;16&quot;:10}\">Manh\u00e3 de ideias e liga do bem - Marcio Tancredi e Alisson Bruno Dias de Queiroz<br /></span></span></strong></p>\r\n<p><strong><span data-sheets-root=\"1\" data-sheets-value=\"{&quot;1&quot;:2,&quot;2&quot;:&quot;Agenda esg - Environmental social and governance - Amanda&quot;}\" data-sheets-userformat=\"{&quot;2&quot;:12993,&quot;3&quot;:{&quot;1&quot;:0},&quot;9&quot;:0,&quot;10&quot;:1,&quot;12&quot;:0,&quot;15&quot;:&quot;Arial&quot;,&quot;16&quot;:10}\"><span data-sheets-root=\"1\" data-sheets-value=\"{&quot;1&quot;:2,&quot;2&quot;:&quot;Manh\u00e3 de ideias e liga do bem - Tancredi / Ilana&quot;}\" data-sheets-userformat=\"{&quot;2&quot;:12993,&quot;3&quot;:{&quot;1&quot;:0},&quot;9&quot;:0,&quot;10&quot;:1,&quot;12&quot;:0,&quot;15&quot;:&quot;Arial&quot;,&quot;16&quot;:10}\"><span data-sheets-root=\"1\" data-sheets-value=\"{&quot;1&quot;:2,&quot;2&quot;:&quot;Como ser interessante e falar bem em qualquer lugar!! - Junia&quot;}\" data-sheets-userformat=\"{&quot;2&quot;:12993,&quot;3&quot;:{&quot;1&quot;:0},&quot;9&quot;:0,&quot;10&quot;:1,&quot;12&quot;:0,&quot;15&quot;:&quot;\\&quot;Liberation Sans\\&quot;&quot;,&quot;16&quot;:10}\"><strong><span data-sheets-root=\"1\" data-sheets-value=\"{&quot;1&quot;:2,&quot;2&quot;:&quot;Agenda esg - Environmental social and governance - Amanda&quot;}\" data-sheets-userformat=\"{&quot;2&quot;:12993,&quot;3&quot;:{&quot;1&quot;:0},&quot;9&quot;:0,&quot;10&quot;:1,&quot;12&quot;:0,&quot;15&quot;:&quot;Arial&quot;,&quot;16&quot;:10}\"><strong></strong></span></strong></span></span></span></strong></p>\r\n<p><strong><span data-sheets-root=\"1\" data-sheets-value=\"{&quot;1&quot;:2,&quot;2&quot;:&quot;Agenda esg - Environmental social and governance - Amanda&quot;}\" data-sheets-userformat=\"{&quot;2&quot;:12993,&quot;3&quot;:{&quot;1&quot;:0},&quot;9&quot;:0,&quot;10&quot;:1,&quot;12&quot;:0,&quot;15&quot;:&quot;Arial&quot;,&quot;16&quot;:10}\"><strong></strong></span></strong></p>\r\n<p><strong><span data-sheets-root=\"1\" data-sheets-value=\"{&quot;1&quot;:2,&quot;2&quot;:&quot;Agenda esg - Environmental social and governance - Amanda&quot;}\" data-sheets-userformat=\"{&quot;2&quot;:12993,&quot;3&quot;:{&quot;1&quot;:0},&quot;9&quot;:0,&quot;10&quot;:1,&quot;12&quot;:0,&quot;15&quot;:&quot;Arial&quot;,&quot;16&quot;:10}\"><span data-sheets-root=\"1\" data-sheets-value=\"{&quot;1&quot;:2,&quot;2&quot;:&quot;Manh\u00e3 de ideias e liga do bem - Tancredi / Ilana&quot;}\" data-sheets-userformat=\"{&quot;2&quot;:12993,&quot;3&quot;:{&quot;1&quot;:0},&quot;9&quot;:0,&quot;10&quot;:1,&quot;12&quot;:0,&quot;15&quot;:&quot;Arial&quot;,&quot;16&quot;:10}\"><span data-sheets-root=\"1\" data-sheets-value=\"{&quot;1&quot;:2,&quot;2&quot;:&quot;Como ser interessante e falar bem em qualquer lugar!! - Junia&quot;}\" data-sheets-userformat=\"{&quot;2&quot;:12993,&quot;3&quot;:{&quot;1&quot;:0},&quot;9&quot;:0,&quot;10&quot;:1,&quot;12&quot;:0,&quot;15&quot;:&quot;\\&quot;Liberation Sans\\&quot;&quot;,&quot;16&quot;:10}\"><strong><span data-sheets-root=\"1\" data-sheets-value=\"{&quot;1&quot;:2,&quot;2&quot;:&quot;Agenda esg - Environmental social and governance - Amanda&quot;}\" data-sheets-userformat=\"{&quot;2&quot;:12993,&quot;3&quot;:{&quot;1&quot;:0},&quot;9&quot;:0,&quot;10&quot;:1,&quot;12&quot;:0,&quot;15&quot;:&quot;Arial&quot;,&quot;16&quot;:10}\"><strong></strong></span></strong></span></span></span></strong></p>\r\n<p><strong><span data-sheets-root=\"1\" data-sheets-value=\"{&quot;1&quot;:2,&quot;2&quot;:&quot;Agenda esg - Environmental social and governance - Amanda&quot;}\" data-sheets-userformat=\"{&quot;2&quot;:12993,&quot;3&quot;:{&quot;1&quot;:0},&quot;9&quot;:0,&quot;10&quot;:1,&quot;12&quot;:0,&quot;15&quot;:&quot;Arial&quot;,&quot;16&quot;:10}\"><span data-sheets-root=\"1\" data-sheets-value=\"{&quot;1&quot;:2,&quot;2&quot;:&quot;Manh\u00e3 de ideias e liga do bem - Tancredi / Ilana&quot;}\" data-sheets-userformat=\"{&quot;2&quot;:12993,&quot;3&quot;:{&quot;1&quot;:0},&quot;9&quot;:0,&quot;10&quot;:1,&quot;12&quot;:0,&quot;15&quot;:&quot;Arial&quot;,&quot;16&quot;:10}\"><span data-sheets-root=\"1\" data-sheets-value=\"{&quot;1&quot;:2,&quot;2&quot;:&quot;Como ser interessante e falar bem em qualquer lugar!! - Junia&quot;}\" data-sheets-userformat=\"{&quot;2&quot;:12993,&quot;3&quot;:{&quot;1&quot;:0},&quot;9&quot;:0,&quot;10&quot;:1,&quot;12&quot;:0,&quot;15&quot;:&quot;\\&quot;Liberation Sans\\&quot;&quot;,&quot;16&quot;:10}\"><strong><span data-sheets-root=\"1\" data-sheets-value=\"{&quot;1&quot;:2,&quot;2&quot;:&quot;Agenda esg - Environmental social and governance - Amanda&quot;}\" data-sheets-userformat=\"{&quot;2&quot;:12993,&quot;3&quot;:{&quot;1&quot;:0},&quot;9&quot;:0,&quot;10&quot;:1,&quot;12&quot;:0,&quot;15&quot;:&quot;Arial&quot;,&quot;16&quot;:10}\"><span data-sheets-root=\"1\" data-sheets-value=\"{&quot;1&quot;:2,&quot;2&quot;:&quot;Manh\u00e3 de ideias e liga do bem - Tancredi / Ilana&quot;}\" data-sheets-userformat=\"{&quot;2&quot;:12993,&quot;3&quot;:{&quot;1&quot;:0},&quot;9&quot;:0,&quot;10&quot;:1,&quot;12&quot;:0,&quot;15&quot;:&quot;Arial&quot;,&quot;16&quot;:10}\"><span data-sheets-root=\"1\" data-sheets-value=\"{&quot;1&quot;:2,&quot;2&quot;:&quot;Como ser interessante e falar bem em qualquer lugar!! - Junia&quot;}\" data-sheets-userformat=\"{&quot;2&quot;:12993,&quot;3&quot;:{&quot;1&quot;:0},&quot;9&quot;:0,&quot;10&quot;:1,&quot;12&quot;:0,&quot;15&quot;:&quot;\\&quot;Liberation Sans\\&quot;&quot;,&quot;16&quot;:10}\"><strong><span data-sheets-root=\"1\" data-sheets-value=\"{&quot;1&quot;:2,&quot;2&quot;:&quot;Agenda esg - Environmental social and governance - Amanda&quot;}\" data-sheets-userformat=\"{&quot;2&quot;:12993,&quot;3&quot;:{&quot;1&quot;:0},&quot;9&quot;:0,&quot;10&quot;:1,&quot;12&quot;:0,&quot;15&quot;:&quot;Arial&quot;,&quot;16&quot;:10}\"><strong><strong><span data-sheets-root=\"1\" data-sheets-value=\"{&quot;1&quot;:2,&quot;2&quot;:&quot;Agenda esg - Environmental social and governance - Amanda&quot;}\" data-sheets-userformat=\"{&quot;2&quot;:12993,&quot;3&quot;:{&quot;1&quot;:0},&quot;9&quot;:0,&quot;10&quot;:1,&quot;12&quot;:0,&quot;15&quot;:&quot;Arial&quot;,&quot;16&quot;:10}\">Educa\u00e7\u00e3o para legisladores, desafios e oportunidades em tempos de intelig\u00eancias artificiais - Telma Venturelli</span></strong></strong></span></strong></span></span></span></strong></span></span></span></strong></p>\r\n<p><strong><span data-sheets-root=\"1\" data-sheets-value=\"{&quot;1&quot;:2,&quot;2&quot;:&quot;Agenda esg - Environmental social and governance - Amanda&quot;}\" data-sheets-userformat=\"{&quot;2&quot;:12993,&quot;3&quot;:{&quot;1&quot;:0},&quot;9&quot;:0,&quot;10&quot;:1,&quot;12&quot;:0,&quot;15&quot;:&quot;Arial&quot;,&quot;16&quot;:10}\"><span data-sheets-root=\"1\" data-sheets-value=\"{&quot;1&quot;:2,&quot;2&quot;:&quot;Manh\u00e3 de ideias e liga do bem - Tancredi / Ilana&quot;}\" data-sheets-userformat=\"{&quot;2&quot;:12993,&quot;3&quot;:{&quot;1&quot;:0},&quot;9&quot;:0,&quot;10&quot;:1,&quot;12&quot;:0,&quot;15&quot;:&quot;Arial&quot;,&quot;16&quot;:10}\"><span data-sheets-root=\"1\" data-sheets-value=\"{&quot;1&quot;:2,&quot;2&quot;:&quot;Como ser interessante e falar bem em qualquer lugar!! - Junia&quot;}\" data-sheets-userformat=\"{&quot;2&quot;:12993,&quot;3&quot;:{&quot;1&quot;:0},&quot;9&quot;:0,&quot;10&quot;:1,&quot;12&quot;:0,&quot;15&quot;:&quot;\\&quot;Liberation Sans\\&quot;&quot;,&quot;16&quot;:10}\">Como ser interessante e falar bem em qualquer lugar!! - <strong><a title=\"\" href=\"https://engitec.interlegis.leg.br/engitec/edicoes/14o-engitec/palestrantes/junia-melo\" class=\"internal-link\" target=\"_self\">J\u00fania Claudia Godim Melo</a></strong></span></span></span></strong></p>\r\n</td>\r\n<td>70</td>\r\n</tr>\r\n</tbody>\r\n</table>\r\n<p>\u00a0</p>\r\n<h3><strong>04/06/2024 - Ter\u00e7a-feira</strong></h3>\r\n<p><strong><br /></strong></p>\r\n<table class=\"plain\">\r\n<tbody>\r\n<tr>\r\n<td><strong>Hor\u00e1rio</strong></td>\r\n<td><strong>Sala</strong></td>\r\n<td><strong>Oficina</strong></td>\r\n<td><strong>Instrutor</strong></td>\r\n<td><strong>Qtd. Pessoas</strong></td>\r\n</tr>\r\n<tr>\r\n<td>09:00-17:00</td>\r\n<td><strong>Sala Laguna Prodasen</strong></td>\r\n<td><strong><a title=\"\" href=\"https://engitec.interlegis.leg.br/engitec/edicoes/14o-engitec/oficinas\" class=\"internal-link\" target=\"_self\">Portal Modelo</a> (Turma 2)</strong></td>\r\n<td><strong>JB</strong></td>\r\n<td>10</td>\r\n</tr>\r\n<tr>\r\n<td>09:00-17:00</td>\r\n<td><strong><strong>Sala 01 ILB</strong></strong></td>\r\n<td><strong><strong><span><span class=\"ui-provider ah baf ave bag bah bai baj bak bal bam ban bao bap baq bar bas bat bau bav baw bax bay baz bba bbb bbc bbd bbe bbf bbg bbh bbi bbj bbk bbl\" dir=\"ltr\"><a title=\"\" href=\"https://engitec.interlegis.leg.br/engitec/edicoes/14o-engitec/oficinas\" class=\"internal-link\" target=\"_self\">Piloto de Planejamento de TI (PDTI)</a> (Turma 2)</span></span></strong></strong></td>\r\n<td><strong><a title=\"\" href=\"https://engitec.interlegis.leg.br/engitec/edicoes/14o-engitec/palestrantes/otto-luiz-vilela-do-nascimento\" class=\"internal-link\" target=\"_self\">Otto Luiz Vilela Do Nascimento</a> e <a title=\"\" href=\"https://engitec.interlegis.leg.br/engitec/edicoes/14o-engitec/palestrantes/wennder-indalecio-oliveira-fidelis\" class=\"internal-link\" target=\"_self\">Wennder Indalecio Oliveira Fidelis</a></strong></td>\r\n<td>30</td>\r\n</tr>\r\n<tr>\r\n<td>09:00-17:00</td>\r\n<td><strong><strong><strong>Sala 08 ILB</strong></strong></strong></td>\r\n<td><strong><a title=\"\" href=\"https://engitec.interlegis.leg.br/engitec/edicoes/14o-engitec/oficinas\" class=\"internal-link\" target=\"_self\">SAPL</a> (Turma 2)</strong></td>\r\n<td><strong>Adalberto Alves de Oliveira</strong></td>\r\n<td>15</td>\r\n</tr>\r\n<tr>\r\n<td>09:00-17:00</td>\r\n<td><strong><strong>Audit\u00f3rio ACM</strong></strong></td>\r\n<td><strong><a title=\"\" href=\"https://engitec.interlegis.leg.br/engitec/edicoes/14o-engitec/oficinas\" class=\"internal-link\" target=\"_self\">Licita\u00e7\u00f5es e Contratos</a> (Turma \u00fanica)<br /></strong></td>\r\n<td><strong><a title=\"\" href=\"https://engitec.interlegis.leg.br/engitec/edicoes/14o-engitec/palestrantes/felipe-cortes\" class=\"internal-link\" target=\"_self\">Felipe Cortes</a></strong></td>\r\n<td>\r\n<p>80</p>\r\n</td>\r\n</tr>\r\n<tr>\r\n<td>09:00-17:00</td>\r\n<td><strong>NaInova</strong></td>\r\n<td><strong><a title=\"\" href=\"https://engitec.interlegis.leg.br/engitec/edicoes/14o-engitec/oficinas\" class=\"internal-link\" target=\"_self\">Plone</a></strong></td>\r\n<td><strong>Erico Andrei</strong></td>\r\n<td>\r\n<p>20 - Precisa trazer seu notebook</p>\r\n</td>\r\n</tr>\r\n<tr>\r\n<td>09:00-17:00</td>\r\n<td><strong><strong>NaInova</strong></strong></td>\r\n<td><strong><strong><span><span class=\"ui-provider ah baf ave bag bah bai baj bak bal bam ban bao bap baq bar bas bat bau bav baw bax bay baz bba bbb bbc bbd bbe bbf bbg bbh bbi bbj bbk bbl\" dir=\"ltr\"><a title=\"\" href=\"https://engitec.interlegis.leg.br/engitec/edicoes/14o-engitec/oficinas\" class=\"internal-link\" target=\"_self\">Gostinho de Design Sprint:</a> </span></span></strong></strong><span class=\"ui-provider ah baf ave bag bah bai baj bak bal bam ban bao bap baq bar bas bat bau bav baw bax bay baz bba bbb bbc bbd bbe bbf bbg bbh bbi bbj bbk bbl\" dir=\"ltr\">breve experimenta\u00e7\u00e3o do framework da Google Venture para criar e testar solu\u00e7\u00f5es <strong><span class=\"ui-provider ah baf ave bag bah bai baj bak bal bam ban bao bap baq bar bas bat bau bav baw bax bay baz bba bbb bbc bbd bbe bbf bbg bbh bbi bbj bbk bbl\" dir=\"ltr\">(Turma \u00fanica)</span></strong><br /></span></td>\r\n<td><strong><strong><a title=\"\" href=\"https://engitec.interlegis.leg.br/engitec/edicoes/14o-engitec/palestrantes/daniel-pandino-werneck\" class=\"internal-link\" target=\"_self\">Daniel Pandino Werneck</a> e Priscila Andrade<br /></strong></strong></td>\r\n<td>\r\n<p>30</p>\r\n</td>\r\n</tr>\r\n<tr>\r\n<td>09:00-12:00</td>\r\n<td><strong>Audit\u00f3rio do ILB Sala 5</strong></td>\r\n<td><strong><a title=\"\" href=\"https://engitec.interlegis.leg.br/engitec/edicoes/14o-engitec/oficinas\" class=\"internal-link\" target=\"_self\">Fotografia com o celular</a> (Turma 2)<br /></strong></td>\r\n<td><strong>Cl\u00e1udio Cunha de Oliveira<br /></strong></td>\r\n<td>\r\n<p>40</p>\r\n</td>\r\n</tr>\r\n<tr>\r\n<td>14:00-17:00</td>\r\n<td><strong><strong>Audit\u00f3rio do ILB Sala 5</strong></strong></td>\r\n<td><strong><a title=\"\" href=\"https://engitec.interlegis.leg.br/engitec/edicoes/14o-engitec/oficinas\" class=\"internal-link\" target=\"_self\">Como ser interessante e falar bem em qualquer lugar!!</a></strong></td>\r\n<td><strong><a title=\"\" href=\"https://engitec.interlegis.leg.br/engitec/edicoes/14o-engitec/palestrantes/junia-melo\" class=\"internal-link\" target=\"_self\">J\u00fania Claudia Godim Melo<br /></a></strong></td>\r\n<td>\r\n<p>40</p>\r\n</td>\r\n</tr>\r\n</tbody>\r\n</table>\r\n<p>\u00a0</p>\r\n<h2>Grade para Palestras</h2>\r\n<p>\u00a0</p>\r\n<h3><strong>05/06/2024 - Quarta-feira</strong></h3>\r\n<p><strong><br /></strong></p>\r\n<table class=\"plain\">\r\n<tbody>\r\n<tr>\r\n<td><strong>In\u00edcio</strong></td>\r\n<td><strong>Fim</strong></td>\r\n<td><strong>Tema</strong></td>\r\n<td><strong>Palestrante</strong></td>\r\n<td><strong>Institui\u00e7\u00e3o</strong></td>\r\n<td><strong>Link da transmiss\u00e3o<br /></strong></td>\r\n</tr>\r\n<tr>\r\n<td>08:00</td>\r\n<td>09:00</td>\r\n<td><em>Credenciamento</em></td>\r\n<td>-----</td>\r\n<td>-----</td>\r\n<td></td>\r\n</tr>\r\n<tr>\r\n<td>09:30</td>\r\n<td>10:00</td>\r\n<td><strong>Cerim\u00f4nia de Abertura do 14\u00ba EnGITEC</strong><strong> - Legislativo Inteligente<br /></strong></td>\r\n<td>\r\n<p><strong><a title=\"\" href=\"https://engitec.interlegis.leg.br/engitec/edicoes/14o-engitec/palestrantes/fernando-meneguin\" class=\"internal-link\" target=\"_self\">Fernando Boarato Meneguin</a> </strong>(Diretor-Executivo do Instituto Legislativo Brasileiro - ILB)<strong><br /></strong></p>\r\n<p><strong><span>Jo\u00e3o Henrique Gouveia</span></strong> (<span>Coordena\u00e7\u00e3o de Tecnologia da Informa\u00e7\u00e3o</span> - COTIN)</p>\r\n<p>\u00a0</p>\r\n</td>\r\n<td><br />Senado Federal</td>\r\n<td>\r\n<p><a class=\"external-link\" href=\"https://youtube.com/live/8xG5qgGKlqA?feature=share\" target=\"_self\" title=\"Link da transmiss\u00e3o da manh\u00e3\">\u00a0</a><a class=\"external-link\" href=\"https://youtube.com/live/8xG5qgGKlqA?feature=share\" target=\"_self\" title=\"Link da transmiss\u00e3o da manh\u00e3 - 05/06\">https://youtube.com/live/8xG5qgGKlqA?feature=share</a><a class=\"external-link\" href=\"https://youtube.com/live/8xG5qgGKlqA?feature=share\" target=\"_self\" title=\"Link da transmiss\u00e3o da manh\u00e3\"></a></p>\r\n</td>\r\n</tr>\r\n<tr>\r\n<td>10:00</td>\r\n<td>10:15</td>\r\n<td><strong>Jornada Educacional do ILB</strong></td>\r\n<td>\r\n<p><strong>F\u00e1bio Renato da Silva<br /></strong></p>\r\n</td>\r\n<td>Senado Federal</td>\r\n<td></td>\r\n</tr>\r\n<tr>\r\n<td>10:15</td>\r\n<td>10:30</td>\r\n<td><strong>Liga do Bem</strong></td>\r\n<td>\r\n<p><strong>Patr\u00edcia Seixas</strong></p>\r\n</td>\r\n<td>Senado Federal</td>\r\n<td></td>\r\n</tr>\r\n<tr>\r\n<td>10:30</td>\r\n<td>12:00</td>\r\n<td><strong>Mesa redonda</strong></td>\r\n<td>\r\n<p><strong><strong>Armando Nascimento</strong>, Paulinho Fernandes, Eduardo Ishida </strong>- CM Ribeir\u00e3o Preto/SP<strong>, </strong><strong>Marcos Camargo - </strong>CM Ibiuna/SP<strong>, Lais Bacilieri - </strong>CM Buritama/SP<strong>, Anderson Sossela - </strong>CM Lapa/PR<strong>, Brunno Ugulino - </strong>AL/PB<strong>, Rafael Sanches - </strong>CM Foz do Igua\u00e7u/PR<strong>, Andr\u00e9 Mendon\u00e7a de Moraes - </strong>CM Sinop/MT</p>\r\n</td>\r\n<td>Comunidade</td>\r\n<td></td>\r\n</tr>\r\n<tr>\r\n<td>12:00</td>\r\n<td>12:15</td>\r\n<td><em><strong>Homenagens</strong></em></td>\r\n<td><em><strong>Desorganiza\u00e7\u00e3o</strong></em></td>\r\n<td></td>\r\n<td></td>\r\n</tr>\r\n<tr>\r\n<td>12:15</td>\r\n<td>12:30</td>\r\n<td><em><strong>Foto oficial</strong></em></td>\r\n<td></td>\r\n<td>Comunidade</td>\r\n<td></td>\r\n</tr>\r\n<tr>\r\n<td>12:30</td>\r\n<td>14:20</td>\r\n<td><em><strong>Almo\u00e7o</strong></em></td>\r\n<td><strong>-----</strong></td>\r\n<td><strong>-----</strong></td>\r\n<td><strong>-----</strong></td>\r\n</tr>\r\n<tr>\r\n<td>14:20</td>\r\n<td>14:30</td>\r\n<td><strong>Sorteio</strong></td>\r\n<td><strong><em>Desorganiza\u00e7\u00e3o</em><a title=\"Jo\u00e3o Jos\u00e9 Arce Morales\" href=\"https://engitec.interlegis.leg.br/engitec/edicoes/14o-engitec/14o-engitec/palestrantes/joao-jose-arce-morales\" class=\"external-link\" target=\"_self\"></a></strong></td>\r\n<td>Organiza\u00e7\u00e3o</td>\r\n<td><strong>-----</strong></td>\r\n</tr>\r\n<tr>\r\n<td>14:30</td>\r\n<td>15:10</td>\r\n<td><strong>A TI no centro do Legislativo: o exemplo da Justi\u00e7a do Trabalho</strong></td>\r\n<td><strong><a title=\"\" href=\"https://engitec.interlegis.leg.br/engitec/edicoes/14o-engitec/palestrantes/jonatha-cardoso\" class=\"internal-link\" target=\"_self\">Jonatha Cardoso</a></strong></td>\r\n<td>TRT4</td>\r\n<td><a class=\"external-link\" href=\"https://youtube.com/live/pXKOPQsuQhw?feature=share\" target=\"_self\" title=\"LInk da transmiss\u00e3o da tarde - 05/06\">https://youtube.com/live/pXKOPQsuQhw?feature=share</a></td>\r\n</tr>\r\n<tr>\r\n<td>15:10</td>\r\n<td>15:20</td>\r\n<td><strong><em>Sorteio</em></strong></td>\r\n<td><strong><em>Desorganiza\u00e7\u00e3o</em><a title=\"Jo\u00e3o Jos\u00e9 Arce Morales\" href=\"https://engitec.interlegis.leg.br/engitec/edicoes/14o-engitec/14o-engitec/palestrantes/joao-jose-arce-morales\" class=\"external-link\" target=\"_self\"></a></strong></td>\r\n<td></td>\r\n<td></td>\r\n</tr>\r\n<tr>\r\n<td>15:20</td>\r\n<td>16:10</td>\r\n<td><strong>Moderniza\u00e7\u00e3o em 365 dias</strong></td>\r\n<td><strong><a title=\"Jo\u00e3o Jos\u00e9 Arce Morales\" href=\"https://engitec.interlegis.leg.br/engitec/edicoes/14o-engitec/14o-engitec/palestrantes/joao-jose-arce-morales\" class=\"external-link\" target=\"_self\">Presidente Jo\u00e3o Morales</a> e equipe</strong></td>\r\n<td>C\u00e2mara Municipal de Foz do Igua\u00e7u/PR</td>\r\n<td></td>\r\n</tr>\r\n<tr>\r\n<td>16:10</td>\r\n<td>16:20</td>\r\n<td><strong><em>Sorteio</em></strong></td>\r\n<td><em><strong><strong>Desorganiza\u00e7\u00e3o</strong></strong></em></td>\r\n<td></td>\r\n<td></td>\r\n</tr>\r\n<tr>\r\n<td>16:20</td>\r\n<td>17:00</td>\r\n<td><strong>O Legislativo Inteligente \u00e9 Diverso</strong></td>\r\n<td><strong><a title=\"\" href=\"https://engitec.interlegis.leg.br/engitec/edicoes/14o-engitec/palestrantes/stella-maria-vaz-santos-valadares\" class=\"internal-link\" target=\"_self\">Stella Maria Vaz</a> e <a title=\"\" href=\"https://engitec.interlegis.leg.br/engitec/edicoes/14o-engitec/palestrantes/devair-sebastiao-nunes\" class=\"internal-link\" target=\"_self\">Devair Sebasti\u00e3o Nunes<br /></a></strong></td>\r\n<td>Comit\u00ea Permanente de G\u00eanero - Senado Federal</td>\r\n<td></td>\r\n</tr>\r\n<tr>\r\n<td>17:00</td>\r\n<td>17:10</td>\r\n<td><strong><em>Sorteio</em></strong></td>\r\n<td><em><strong><strong>Desorganiza\u00e7\u00e3o</strong></strong></em></td>\r\n<td></td>\r\n<td></td>\r\n</tr>\r\n<tr>\r\n<td>17:10</td>\r\n<td>18:00</td>\r\n<td><strong>Desmistificando o uso da IA no Poder Legislativo: de onde elas v\u00eam? do que elas se alimentam?</strong></td>\r\n<td><strong><a title=\"\" href=\"https://engitec.interlegis.leg.br/engitec/edicoes/14o-engitec/palestrantes/gilliard-godoi\" class=\"internal-link\" target=\"_self\">Giliard Godoi</a></strong></td>\r\n<td>C\u00e2mara Municipal de Santo Ant\u00f4nio da Platina/PR</td>\r\n<td></td>\r\n</tr>\r\n</tbody>\r\n</table>\r\n<p>\u00a0</p>\r\n<h3><strong>06/06/2024 - Quinta-feira</strong></h3>\r\n<p>\u00a0</p>\r\n<table class=\"plain\">\r\n<tbody>\r\n<tr>\r\n<td><strong>In\u00edcio</strong></td>\r\n<td><strong>Fim</strong></td>\r\n<td><strong>Tema</strong></td>\r\n<td><strong>Palestrante</strong></td>\r\n<td><strong>Institui\u00e7\u00e3o</strong></td>\r\n<td><strong>Link da transmiss\u00e3o<br /></strong></td>\r\n</tr>\r\n<tr>\r\n<td>09:00</td>\r\n<td>09:50</td>\r\n<td><strong>Pr\u00f3ximos passos na proje\u00e7\u00e3o e transmiss\u00e3o para C\u00e2maras Municipais</strong></td>\r\n<td><strong>Andr\u00e9 Mendon\u00e7a de Moraes, <a title=\"\" href=\"https://engitec.interlegis.leg.br/engitec/edicoes/14o-engitec/palestrantes/carlos-almeida\" class=\"internal-link\" target=\"_self\">Carlos Henrique de Almeida</a>, Jeferson Souza</strong></td>\r\n<td>C\u00e2mara Municipal de Sinop/MT e C\u00e2mara Municipal de Ouril\u00e2ndia do Norte/PA</td>\r\n<td><a class=\"external-link\" href=\"https://youtube.com/live/jiq6LTdaZRk?feature=share\" target=\"_self\" title=\"Link da transmiss\u00e3o da manh\u00e3 - 06/06\">https://youtube.com/live/jiq6LTdaZRk?feature=share</a></td>\r\n</tr>\r\n<tr>\r\n<td>09:50</td>\r\n<td>10:00</td>\r\n<td><span><span class=\"ui-provider a b c d e f g h i j k l m n o p q r s t u v w x y z ab ac ae af ag ah ai aj ak\" dir=\"ltr\"><strong><em>Sorteio</em></strong></span></span></td>\r\n<td>\r\n<p><strong><em>Desorganiza\u00e7\u00e3o</em><a title=\"Jo\u00e3o Jos\u00e9 Arce Morales\" href=\"https://engitec.interlegis.leg.br/engitec/edicoes/14o-engitec/14o-engitec/palestrantes/joao-jose-arce-morales\" class=\"external-link\" target=\"_self\"></a></strong></p>\r\n</td>\r\n<td></td>\r\n<td>\r\n<p>\u00a0</p>\r\n</td>\r\n</tr>\r\n<tr>\r\n<td>10:00</td>\r\n<td>10:40</td>\r\n<td><span><span class=\"ui-provider a b c d e f g h i j k l m n o p q r s t u v w x y z ab ac ae af ag ah ai aj ak\" dir=\"ltr\"><strong>Intelig\u00eancia Artificial na Transcri\u00e7\u00e3o de Discursos e Pronunciamentos no Senado Federal</strong></span></span></td>\r\n<td>\r\n<p>\u00a0<strong><a title=\"\" href=\"https://engitec.interlegis.leg.br/engitec/edicoes/14o-engitec/palestrantes/ewerton-almeida-silva\" class=\"internal-link\" target=\"_self\">Ewerton Almeida Silva</a></strong></p>\r\n</td>\r\n<td>Senado Federal</td>\r\n<td>\r\n<p>\u00a0</p>\r\n</td>\r\n</tr>\r\n<tr>\r\n<td>10:40</td>\r\n<td>10:50</td>\r\n<td><strong><em>Sorteio</em></strong></td>\r\n<td><strong><strong><strong><em>Desorganiza\u00e7\u00e3o</em><a title=\"Jo\u00e3o Jos\u00e9 Arce Morales\" href=\"https://engitec.interlegis.leg.br/engitec/edicoes/14o-engitec/14o-engitec/palestrantes/joao-jose-arce-morales\" class=\"external-link\" target=\"_self\"></a></strong></strong></strong></td>\r\n<td></td>\r\n<td>\r\n<p>\u00a0</p>\r\n</td>\r\n</tr>\r\n<tr>\r\n<td>10:50</td>\r\n<td>11:50</td>\r\n<td><strong>Prote\u00e7\u00e3o de dados pessoais: o desafio da implanta\u00e7\u00e3o da LGPD no Poder Legislativo</strong></td>\r\n<td><strong><strong>Persio Henrique Barroso e <a title=\"\" href=\"https://engitec.interlegis.leg.br/engitec/edicoes/14o-engitec/palestrantes/james-carvalho-medeiros\" class=\"internal-link\" target=\"_self\">James Medeiros</a></strong></strong></td>\r\n<td>Senado Federal / Assembleia do Piau\u00ed</td>\r\n<td>\r\n<p>\u00a0</p>\r\n</td>\r\n</tr>\r\n<tr>\r\n<td>12:00</td>\r\n<td>14:00</td>\r\n<td><em><strong>Almo\u00e7o</strong></em></td>\r\n<td><strong><strong>-----</strong></strong></td>\r\n<td><strong><strong>-----</strong></strong></td>\r\n<td><strong><strong>-----</strong></strong></td>\r\n</tr>\r\n<tr>\r\n<td>14:00</td>\r\n<td>15:00</td>\r\n<td><strong>A Transforma\u00e7\u00e3o Digital no Processo Legislativo: Utilizando 100% do SAPL para Otimizar a Atua\u00e7\u00e3o Parlamentar.</strong></td>\r\n<td><strong><strong>Roberio Rebeca</strong></strong></td>\r\n<td>C\u00e2mara Municipal de Sapezal/MT<strong><strong></strong></strong></td>\r\n<td><a class=\"external-link\" href=\"https://youtube.com/live/ozGPCwzp2h8?feature=share\" target=\"_self\" title=\"Link da transmiss\u00e3o da tarde - 06/06\">https://youtube.com/live/ozGPCwzp2h8?feature=share</a><strong><strong></strong></strong></td>\r\n</tr>\r\n<tr>\r\n<td>15:00</td>\r\n<td>15:10</td>\r\n<td><strong><em>Sorteio</em></strong></td>\r\n<td><strong><strong><strong><em>Desorganiza\u00e7\u00e3o</em><a title=\"Jo\u00e3o Jos\u00e9 Arce Morales\" href=\"https://engitec.interlegis.leg.br/engitec/edicoes/14o-engitec/14o-engitec/palestrantes/joao-jose-arce-morales\" class=\"external-link\" target=\"_self\"></a></strong></strong></strong></td>\r\n<td></td>\r\n<td></td>\r\n</tr>\r\n<tr>\r\n<td>15:10</td>\r\n<td>15:50</td>\r\n<td><strong>IA no Legislativo: a experi\u00eancia da C\u00e2mara dos Deputados</strong></td>\r\n<td><strong><strong>Francisco Edmundo</strong></strong></td>\r\n<td>C\u00e2mara dos Deputados</td>\r\n<td></td>\r\n</tr>\r\n<tr>\r\n<td>15:50</td>\r\n<td>16:00</td>\r\n<td><strong><em>Sorteio</em></strong></td>\r\n<td><strong><span><strong><em>Desorganiza\u00e7\u00e3o</em><span></span></strong></span></strong></td>\r\n<td></td>\r\n<td></td>\r\n</tr>\r\n<tr>\r\n<td>16:00</td>\r\n<td>16:40</td>\r\n<td><strong>A IA Generativa e o Processo Legislativo<br /></strong></td>\r\n<td><strong><a title=\"\" href=\"https://engitec.interlegis.leg.br/engitec/edicoes/14o-engitec/palestrantes/joao-alberto-de-oliveira-lima\" class=\"internal-link\" target=\"_self\">Jo\u00e3o Lima</a></strong></td>\r\n<td>Senado Federal</td>\r\n<td></td>\r\n</tr>\r\n<tr>\r\n<td>16:40</td>\r\n<td>16:50</td>\r\n<td><strong><em>Sorteio</em></strong></td>\r\n<td><strong><span><strong><em>Desorganiza\u00e7\u00e3o</em><span></span></strong></span></strong></td>\r\n<td></td>\r\n<td></td>\r\n</tr>\r\n<tr>\r\n<td>16:50</td>\r\n<td>17:30</td>\r\n<td><strong>Compliance no Legislativo</strong></td>\r\n<td><strong><a title=\"Fl\u00e1via Jeane Ferrari\" href=\"https://engitec.interlegis.leg.br/engitec/edicoes/14o-engitec/14o-engitec/palestrantes/flavia-jeane-ferrari\" class=\"external-link\" target=\"_self\">Fl\u00e1via Jeane Ferrari</a><strong></strong></strong><strong><strong></strong></strong></td>\r\n<td>Prefeitura de Lapa/PR</td>\r\n<td></td>\r\n</tr>\r\n</tbody>\r\n</table>\r\n<p>\u00a0</p>\r\n<h3>07/06/2024 - Sexta-feira</h3>\r\n<p>\u00a0</p>\r\n<table class=\"plain\">\r\n<tbody>\r\n<tr>\r\n<td><strong>In\u00edcio</strong></td>\r\n<td><strong>Fim</strong></td>\r\n<td><strong>Tema</strong></td>\r\n<td><strong>Palestrante</strong></td>\r\n<td><strong>Institui\u00e7\u00e3o</strong></td>\r\n<td><strong>Link da transmiss\u00e3o<br /></strong></td>\r\n</tr>\r\n<tr>\r\n<td>09:00</td>\r\n<td>09:50</td>\r\n<td><strong>PNTP - Programa Nacional de Transpar\u00eancia P\u00fablica</strong></td>\r\n<td>\r\n<p><strong>William Gomes Pereira Junior e<br /></strong></p>\r\n<p><strong>\u00a0Volmar Bucco Junior</strong></p>\r\n</td>\r\n<td><br />TCE/MT</td>\r\n<td><a class=\"external-link\" href=\"https://youtube.com/live/xPWyZzi2P4c?feature=share\" target=\"_self\" title=\"Link da transmiss\u00e3o do \u00faltmo dia - 07/06\">https://youtube.com/live/xPWyZzi2P4c?feature=share</a></td>\r\n</tr>\r\n<tr>\r\n<td>09:50</td>\r\n<td>10:00</td>\r\n<td><em><strong>Sorteio</strong></em></td>\r\n<td><span><strong><em>Desorganiza\u00e7\u00e3o</em></strong></span></td>\r\n<td></td>\r\n<td>\r\n<p>\u00a0</p>\r\n</td>\r\n</tr>\r\n<tr>\r\n<td>10:00</td>\r\n<td>10:30</td>\r\n<td><strong>Panorama das Avalia\u00e7\u00f5es dos Portais da Transpar\u00eancia P\u00fablica do Poder Legislativo. E abordagem da Recomenda\u00e7\u00e3o da cartilha \u201cTranspar\u00eancia P\u00fablica\u201d do TCE-TO na padroniza\u00e7\u00e3o do layout do Portal da Transpar\u00eancia</strong></td>\r\n<td><a title=\"\" href=\"https://engitec.interlegis.leg.br/engitec/edicoes/14o-engitec/palestrantes/arlan-lima\" class=\"internal-link\" target=\"_self\"><span><strong>Arlan Marcos Lima Sousa</strong></span></a></td>\r\n<td>TCE/TO</td>\r\n<td>\r\n<p>\u00a0</p>\r\n</td>\r\n</tr>\r\n<tr>\r\n<td>10:30</td>\r\n<td>10:40</td>\r\n<td><strong><em>Sorteio</em></strong></td>\r\n<td><strong><em>Desorganiza\u00e7\u00e3o</em></strong></td>\r\n<td></td>\r\n<td>\r\n<p>\u00a0</p>\r\n</td>\r\n</tr>\r\n<tr>\r\n<td>10:40</td>\r\n<td>12:10</td>\r\n<td><strong>Selo Transpar\u00eancia</strong></td>\r\n<td><strong>Anderson Sossela</strong> - CM Lapa/PR, <strong>Marcelo Santana</strong> - ColibriGov, <strong><a title=\"\" href=\"https://engitec.interlegis.leg.br/engitec/edicoes/14o-engitec/palestrantes/gillyard-santos\" class=\"internal-link\" target=\"_self\">Gillyard Santos</a></strong> - CM Carnauba do Dantas/RN, <strong><a title=\"\" href=\"https://engitec.interlegis.leg.br/engitec/edicoes/14o-engitec/palestrantes/josiano-meneguzzi\" class=\"internal-link\" target=\"_self\">Josiano Meneguzzi</a></strong> - CM Serafina Corr\u00eaa/RS, <strong>Leonel Arbo Spinelli</strong> - CM Terra Nova do Norte/MT, <strong>Mateus Gomes</strong> - CM Itapo\u00e1/SC, <strong>Presidente Welice Cardoso da Costa</strong> - CM Lagoa da Confus\u00e3o/TO</td>\r\n<td>Comunidade</td>\r\n<td>\r\n<p>\u00a0</p>\r\n</td>\r\n</tr>\r\n<tr>\r\n<td>12:10</td>\r\n<td>12:30</td>\r\n<td><strong>Momento da Comunidade</strong></td>\r\n<td></td>\r\n<td>Comunidade</td>\r\n<td></td>\r\n</tr>\r\n<tr>\r\n<td>12:30</td>\r\n<td>13:00</td>\r\n<td><strong><em><strong>Encerramento com sorteios e leitura da ata<br /></strong></em></strong></td>\r\n<td><strong><strong></strong></strong></td>\r\n<td>Comunidade<strong><strong></strong></strong></td>\r\n<td><strong><strong></strong></strong></td>\r\n</tr>\r\n<tr>\r\n<td>13:00</td>\r\n<td>14:30</td>\r\n<td><strong><em>Almo\u00e7o</em></strong></td>\r\n<td><strong><strong>-----</strong></strong></td>\r\n<td><strong><strong>-----</strong></strong></td>\r\n<td><strong><strong>-----</strong></strong></td>\r\n</tr>\r\n<tr>\r\n<td>15:30</td>\r\n<td>17:00</td>\r\n<td><strong>Visita\u00e7\u00e3o no Congresso<em></em></strong></td>\r\n<td><strong><strong><strong><strong>JB</strong></strong></strong></strong></td>\r\n<td><strong><strong><strong><strong>-----</strong></strong></strong></strong></td>\r\n<td><strong><strong><strong><strong>-----</strong></strong></strong></strong></td>\r\n</tr>\r\n</tbody>\r\n</table>", "author_name": "rafahela", "version": "1.0", "author_url": "https://engitec.interlegis.leg.br/author/rafahela", "provider_name": "Portal do GITEC", "type": "rich"}