{"provider_url": "https://engitec.interlegis.leg.br", "title": "Grade", "html": "<h2 style=\"text-align: justify; \">Local e Data</h2>\r\n<ul>\r\n<li>De <strong>19 a 23 de junho de 2023<br /></strong></li>\r\n<li><a class=\"external-link\" href=\"https://goo.gl/maps/2Pqw6uRoZDWj66jC6\" target=\"_self\" title=\"\">Instituto Sezerdello Corr\u00eaa - ISC</a>, Escola Superior do Tribunal de Contas da Uni\u00e3o</li>\r\n<li>Bras\u00edlia - DF<a class=\"ext-link\" href=\"http://maps.google.com.br/maps/ms?ie=UTF8&amp;hl=pt-BR&amp;msa=0&amp;msid=116337486741096216436.000477021846c5958d3c5&amp;ll=-15.796275,-47.864725&amp;spn=0.00112,0.002411&amp;t=h&amp;z=19\"><br /></a></li>\r\n</ul>\r\n<h2 id=\"Inscri\u00e7\u00f5eseconvites\">Inscri\u00e7\u00f5es e convites<span class=\"selectable-text invisible-space copyable-text\" dir=\"ltr\"><span></span></span></h2>\r\n<ul>\r\n<li><a title=\"\" href=\"https://engitec.interlegis.leg.br/engitec/edicoes/13-engitec/13o-arquivos/inscricoes\" class=\"internal-link\" target=\"_self\"><span><span class=\"icon\"></span></span></a><span class=\"ext-link external-link\">As inscri\u00e7\u00f5es podem ser realizadas no local do evento, do dia 19 a 23.<br /></span></li>\r\n</ul>\r\n<h2 id=\"Transmiss\u00e3o\">Transmiss\u00e3o</h2>\r\n<p>O evento ser\u00e1 transmitido ao vivo pela <span class=\"ext-link\"><span class=\"icon\"></span>Internet</span> pelo canal do <a class=\"external-link\" href=\"https://www.youtube.com/channel/UCU4GFKETdCHIAL03RYBVKbA\" target=\"_self\" title=\"\">YouTube do Interlegis</a><span class=\"external-link\">.</span></p>\r\n<p>13\u00ba ENGITEC - Oficina Mulheres da Governan\u00e7a =&gt; <a class=\"fui-Link ___1idfs5o f3rmtva f1ewtqcl fyind8e f1k6fduh f1w7gpdv fk6fouc fjoy568 figsok6 f1hu3pq6 f11qmguv f19f4twv f1tyq0we f1g0x7ka fhxju0i f1qch9an f1cnd47f fqv5qza f1vmzxwi f1o700av f13mvf36 f1cmlufx f9n3di6 f1ids18y f1tx3yz7 f1deo86v f1eh06m1 f1iescvh ftqa4ok f2hkw1w fhgqx19 f1olyrje f1p93eir f1h8hb77 f1x7u7e9 f10aw75t fsle3fq f17ae5zn\" href=\"https://youtube.com/live/RId2dgcRKkY?feature=share\" rel=\"noreferrer noopener\" target=\"_blank\" title=\"https://youtube.com/live/rid2dgcrkky?feature=share\">https://youtube.com/live/RId2dgcRKkY?feature=share</a></p>\r\n<p>13\u00ba ENGITEC - Encontro com Parlamentares =&gt; <a class=\"fui-Link ___1idfs5o f3rmtva f1ewtqcl fyind8e f1k6fduh f1w7gpdv fk6fouc fjoy568 figsok6 f1hu3pq6 f11qmguv f19f4twv f1tyq0we f1g0x7ka fhxju0i f1qch9an f1cnd47f fqv5qza f1vmzxwi f1o700av f13mvf36 f1cmlufx f9n3di6 f1ids18y f1tx3yz7 f1deo86v f1eh06m1 f1iescvh ftqa4ok f2hkw1w fhgqx19 f1olyrje f1p93eir f1h8hb77 f1x7u7e9 f10aw75t fsle3fq f17ae5zn\" href=\"https://youtube.com/live/0aks7XTdk4E?feature=share\" rel=\"noreferrer noopener\" target=\"_blank\" title=\"https://youtube.com/live/0aks7xtdk4e?feature=share\">https://youtube.com/live/0aks7XTdk4E?feature=share</a></p>\r\n<p>13\u00ba ENGITEC - Nova Lei de Licita\u00e7\u00f5es e Contratos - manh\u00e3 =&gt; <a class=\"fui-Link ___1idfs5o f3rmtva f1ewtqcl fyind8e f1k6fduh f1w7gpdv fk6fouc fjoy568 figsok6 f1hu3pq6 f11qmguv f19f4twv f1tyq0we f1g0x7ka fhxju0i f1qch9an f1cnd47f fqv5qza f1vmzxwi f1o700av f13mvf36 f1cmlufx f9n3di6 f1ids18y f1tx3yz7 f1deo86v f1eh06m1 f1iescvh ftqa4ok f2hkw1w fhgqx19 f1olyrje f1p93eir f1h8hb77 f1x7u7e9 f10aw75t fsle3fq f17ae5zn\" href=\"https://youtube.com/live/ewsYvEakzJ0?feature=share\" rel=\"noreferrer noopener\" target=\"_blank\" title=\"https://youtube.com/live/ewsyveakzj0?feature=share\">https://youtube.com/live/ewsYvEakzJ0?feature=share</a></p>\r\n<p>13\u00ba ENGITEC - Nova Lei de Licita\u00e7\u00f5es e Contratos - tarde =&gt; <a class=\"fui-Link ___1idfs5o f3rmtva f1ewtqcl fyind8e f1k6fduh f1w7gpdv fk6fouc fjoy568 figsok6 f1hu3pq6 f11qmguv f19f4twv f1tyq0we f1g0x7ka fhxju0i f1qch9an f1cnd47f fqv5qza f1vmzxwi f1o700av f13mvf36 f1cmlufx f9n3di6 f1ids18y f1tx3yz7 f1deo86v f1eh06m1 f1iescvh ftqa4ok f2hkw1w fhgqx19 f1olyrje f1p93eir f1h8hb77 f1x7u7e9 f10aw75t fsle3fq f17ae5zn\" href=\"https://youtube.com/live/lW4umQ1eRq8?feature=share\" rel=\"noreferrer noopener\" target=\"_blank\" title=\"https://youtube.com/live/lw4umq1erq8?feature=share\">https://youtube.com/live/lW4umQ1eRq8?feature=share</a></p>\r\n<p>13\u00ba ENGITEC - Cerim\u00f4nia de Abertura - Rumo ao Parlamento do Futuro =&gt; <a class=\"fui-Link ___1idfs5o f3rmtva f1ewtqcl fyind8e f1k6fduh f1w7gpdv fk6fouc fjoy568 figsok6 f1hu3pq6 f11qmguv f19f4twv f1tyq0we f1g0x7ka fhxju0i f1qch9an f1cnd47f fqv5qza f1vmzxwi f1o700av f13mvf36 f1cmlufx f9n3di6 f1ids18y f1tx3yz7 f1deo86v f1eh06m1 f1iescvh ftqa4ok f2hkw1w fhgqx19 f1olyrje f1p93eir f1h8hb77 f1x7u7e9 f10aw75t fsle3fq f17ae5zn\" href=\"https://youtube.com/live/6k72BmYQakc?feature=share\" rel=\"noreferrer noopener\" target=\"_blank\" title=\"https://youtube.com/live/6k72bmyqakc?feature=share\">https://youtube.com/live/6k72BmYQakc?feature=share</a></p>\r\n<p>13\u00aa ENGITEC - Gest\u00e3o e Governan\u00e7a/Poder Legislativo - Trabalho remoto C. Municipal - C\u00e2mara s/ papel =&gt; <a class=\"fui-Link ___1idfs5o f3rmtva f1ewtqcl fyind8e f1k6fduh f1w7gpdv fk6fouc fjoy568 figsok6 f1hu3pq6 f11qmguv f19f4twv f1tyq0we f1g0x7ka fhxju0i f1qch9an f1cnd47f fqv5qza f1vmzxwi f1o700av f13mvf36 f1cmlufx f9n3di6 f1ids18y f1tx3yz7 f1deo86v f1eh06m1 f1iescvh ftqa4ok f2hkw1w fhgqx19 f1olyrje f1p93eir f1h8hb77 f1x7u7e9 f10aw75t fsle3fq f17ae5zn\" href=\"https://youtube.com/live/6k72BmYQakc?feature=share\" rel=\"noreferrer noopener\" target=\"_blank\" title=\"https://youtube.com/live/6k72bmyqakc?feature=share\">https://youtube.com/live/6k72BmYQakc?feature=share</a></p>\r\n<p><span><span class=\"ui-provider fz b c d e f g h i j k l m n o p q r s t u v w x y z ab ac ae af ag ah ai aj ak\" dir=\"ltr\">13\u00ba ENGITEC - LGPD - PRONAGOV - Escolas de Governo - Elei\u00e7\u00f5es 2024 - Portal Transpar\u00eancia /SAPL =&gt; <a class=\"fui-Link ___1idfs5o f3rmtva f1ewtqcl fyind8e f1k6fduh f1w7gpdv fk6fouc fjoy568 figsok6 f1hu3pq6 f11qmguv f19f4twv f1tyq0we f1g0x7ka fhxju0i f1qch9an f1cnd47f fqv5qza f1vmzxwi f1o700av f13mvf36 f1cmlufx f9n3di6 f1ids18y f1tx3yz7 f1deo86v f1eh06m1 f1iescvh ftqa4ok f2hkw1w fhgqx19 f1olyrje f1p93eir f1h8hb77 f1x7u7e9 f10aw75t fsle3fq f17ae5zn\" href=\"https://youtube.com/live/-h8k7ZkXIdY?feature=share\" rel=\"noreferrer noopener\" target=\"_blank\" title=\"https://youtube.com/live/-h8k7zkxidy?feature=share\">https://youtube.com/live/-h8k7ZkXIdY?feature=share</a></span></span></p>\r\n<p>13\u00ba ENGITEC - Liga do Bem - Documentos nato digitais -O Futuro do Legislativo - Futuro da comunidade =&gt; <a class=\"fui-Link ___1idfs5o f3rmtva f1ewtqcl fyind8e f1k6fduh f1w7gpdv fk6fouc fjoy568 figsok6 f1hu3pq6 f11qmguv f19f4twv f1tyq0we f1g0x7ka fhxju0i f1qch9an f1cnd47f fqv5qza f1vmzxwi f1o700av f13mvf36 f1cmlufx f9n3di6 f1ids18y f1tx3yz7 f1deo86v f1eh06m1 f1iescvh ftqa4ok f2hkw1w fhgqx19 f1olyrje f1p93eir f1h8hb77 f1x7u7e9 f10aw75t fsle3fq f17ae5zn\" href=\"https://youtube.com/live/CpvRxR5LuRA?feature=share\" rel=\"noreferrer noopener\" target=\"_blank\" title=\"https://youtube.com/live/cpvrxr5lura?feature=share\">https://youtube.com/live/CpvRxR5LuRA?feature=share</a></p>\r\n<p>13\u00ba ENGITEC - Comunica\u00e7\u00e3o digital - Parlamento do Futuro - Power Skills - Acessibilidade digital =&gt; <a class=\"fui-Link ___1idfs5o f3rmtva f1ewtqcl fyind8e f1k6fduh f1w7gpdv fk6fouc fjoy568 figsok6 f1hu3pq6 f11qmguv f19f4twv f1tyq0we f1g0x7ka fhxju0i f1qch9an f1cnd47f fqv5qza f1vmzxwi f1o700av f13mvf36 f1cmlufx f9n3di6 f1ids18y f1tx3yz7 f1deo86v f1eh06m1 f1iescvh ftqa4ok f2hkw1w fhgqx19 f1olyrje f1p93eir f1h8hb77 f1x7u7e9 f10aw75t fsle3fq f17ae5zn\" href=\"https://youtube.com/live/Ai7zw7VAfVE?feature=share\" rel=\"noreferrer noopener\" target=\"_blank\" title=\"https://youtube.com/live/ai7zw7vafve?feature=share\">https://youtube.com/live/Ai7zw7VAfVE?feature=share</a></p>\r\n<p>13\u00ba ENGITEC - SAPL - Legis V\u00eddeo - C\u00e2mera 4.0 - Cidad\u00e3o e o Legislativo - Momento UVB =&gt; <a class=\"fui-Link ___1idfs5o f3rmtva f1ewtqcl fyind8e f1k6fduh f1w7gpdv fk6fouc fjoy568 figsok6 f1hu3pq6 f11qmguv f19f4twv f1tyq0we f1g0x7ka fhxju0i f1qch9an f1cnd47f fqv5qza f1vmzxwi f1o700av f13mvf36 f1cmlufx f9n3di6 f1ids18y f1tx3yz7 f1deo86v f1eh06m1 f1iescvh ftqa4ok f2hkw1w fhgqx19 f1olyrje f1p93eir f1h8hb77 f1x7u7e9 f10aw75t fsle3fq f17ae5zn\" href=\"https://youtube.com/live/1a-Q0Nox-34?feature=share\" rel=\"noreferrer noopener\" target=\"_blank\" title=\"https://youtube.com/live/1a-q0nox-34?feature=share\">https://youtube.com/live/1a-Q0Nox-34?feature=share</a></p>\r\n<p><span class=\"external-link\"><br /></span></p>\r\n<h2 id=\"GrupodeWhatsAppdoEvento\">Grupo de \"<a class=\"missing wiki external-link\" href=\"https://chat.whatsapp.com/J7cFFgXPydLBavzVHe4NLW\" target=\"_self\" title=\"Link para o grupo de WhatsApp do evento\">WhatsApp?</a>\" do Evento</h2>\r\n<p>Acompanhe o evento pelo Grupo https://chat.whatsapp.com/J7cFFgXPydLBavzVHe4NLW</p>\r\n<h2 id=\"Observa\u00e7\u00f5es\">Observa\u00e7\u00f5es</h2>\r\n<ul>\r\n<li>A inscri\u00e7\u00e3o \u00e9 gratuita.</li>\r\n<li>As oficinas ser\u00e3o em hor\u00e1rios concorrentes, n\u00e3o escolha mais de uma.</li>\r\n<li>Haver\u00e1 lista de presen\u00e7a em cada turno do evento e das oficinas.</li>\r\n<li>Os certificados ser\u00e3o enviados por e-mail ap\u00f3s o t\u00e9rmino do evento, depois da confer\u00eancia da participa\u00e7\u00e3o.</li>\r\n</ul>\r\n<p>\u00a0</p>\r\n<h2><span>Grade para Treinamentos</span></h2>\r\n<p><span><strong>Aten\u00e7\u00e3o ao se inscrever nas oficinas! Ser\u00e3o em hor\u00e1rios concorrentes.</strong> Ser\u00e1 oferecida 1 turma para cada oficina.<br /></span></p>\r\n<p><strong>19/06/2023 - Segunda-feira</strong></p>\r\n<table class=\"plain\">\r\n<tbody>\r\n<tr>\r\n<td><strong>Hor\u00e1rio</strong></td>\r\n<td><strong>Sala</strong></td>\r\n<td><strong>Oficina</strong></td>\r\n<td><strong>Instrutor</strong></td>\r\n<td><strong>Qtd. Pessoas</strong></td>\r\n</tr>\r\n<tr>\r\n<td>09:00-13:00</td>\r\n<td><strong>Anfiteatro</strong></td>\r\n<td><strong>Oficina Mulheres da Governan\u00e7a</strong></td>\r\n<td>\r\n<p><a title=\"\" href=\"https://engitec.interlegis.leg.br/engitec/edicoes/13-engitec/13o-arquivos/palestrantes/elys-tevania\" class=\"internal-link\" target=\"_self\">Elys Tevania</a></p>\r\n<p><a title=\"\" href=\"https://engitec.interlegis.leg.br/engitec/edicoes/13-engitec/13o-arquivos/palestrantes/janaina-carvalho\" class=\"internal-link\" target=\"_self\">Jana\u00edna Carvalho</a></p>\r\n<p><a title=\"\" href=\"https://engitec.interlegis.leg.br/engitec/edicoes/13-engitec/13o-arquivos/palestrantes/rafaella-feliciano\" class=\"internal-link\" target=\"_self\">Rafaella Feliciano</a></p>\r\n</td>\r\n<td>\r\n<p>60</p>\r\n<p><a class=\"external-link\" href=\"https://youtube.com/live/RId2dgcRKkY?feature=share\" target=\"_self\" title=\"Link da grava\u00e7\u00e3o da Oficina Mulheres da Governan\u00e7a\">Link para transmiss\u00e3o</a></p>\r\n</td>\r\n</tr>\r\n<tr>\r\n<td>9:00-12:00</td>\r\n<td><strong>Sala 03</strong></td>\r\n<td>---</td>\r\n<td>---</td>\r\n<td>30</td>\r\n</tr>\r\n<tr>\r\n<td>09:00-12:00</td>\r\n<td><strong>Sala 04</strong></td>\r\n<td>---</td>\r\n<td>---</td>\r\n<td>40</td>\r\n</tr>\r\n<tr>\r\n<td>10:00-12:00</td>\r\n<td><strong>Sala 05 (TI)</strong></td>\r\n<td><strong>Desvendando o Discord</strong></td>\r\n<td><a title=\"\" href=\"https://engitec.interlegis.leg.br/engitec/edicoes/13-engitec/13o-arquivos/palestrantes/joao-henrique-gouveia\" class=\"internal-link\" target=\"_self\">Jo\u00e3o Henrique Gouveia</a></td>\r\n<td>30</td>\r\n</tr>\r\n<tr>\r\n<td>09:00-12:00</td>\r\n<td><strong>Sala 06 (TI)</strong></td>\r\n<td><strong>Entendendo as possibilidades de gest\u00e3o integrada, com <a class=\"external-link\" href=\"http://www.briskppm.com.br/\" target=\"_blank\" title=\"BriskPPM\">BriskPPM</a>\u00a0(Turma 1)</strong></td>\r\n<td><a title=\"\" href=\"https://engitec.interlegis.leg.br/engitec/edicoes/13-engitec/13o-arquivos/palestrantes/marcos-menezes\" class=\"internal-link\" target=\"_self\">Marcos Menezes</a></td>\r\n<td>30</td>\r\n</tr>\r\n<tr>\r\n<td><strong>Almo\u00e7o</strong></td>\r\n<td><strong>---</strong></td>\r\n<td><strong>---</strong></td>\r\n<td><strong>---</strong></td>\r\n<td><strong>---</strong></td>\r\n</tr>\r\n<tr>\r\n<td>14:00-17:00</td>\r\n<td><strong>Anfiteatro</strong></td>\r\n<td><strong>Encontro com Parlamentares</strong></td>\r\n<td>\r\n<p><a title=\"\" href=\"https://engitec.interlegis.leg.br/engitec/edicoes/13-engitec/13o-arquivos/palestrantes/andre-luis-dos-santos-rodrigues\" class=\"internal-link\" target=\"_self\">Marcos Jur\u00eddicos</a></p>\r\n<p><a title=\"\" href=\"https://engitec.interlegis.leg.br/engitec/edicoes/13-engitec/13o-arquivos/palestrantes/helena-assaf-bastos\" class=\"internal-link\" target=\"_self\">Capta\u00e7\u00e3o de Recursos Federais para os Munic\u00edpios</a></p>\r\n<p><a title=\"\" href=\"https://engitec.interlegis.leg.br/engitec/edicoes/13-engitec/13o-arquivos/palestrantes/humberto-mendes-sa-formiga\" class=\"internal-link\" target=\"_self\">Gest\u00e3o para Sustentabilidade</a></p>\r\n</td>\r\n<td>\r\n<p>60</p>\r\n<p><a class=\"external-link\" href=\"https://youtube.com/live/0aks7XTdk4E?feature=share\" target=\"_self\" title=\"Link da grava\u00e7\u00e3o do Encontro com Parlamentares\">Link para transmiss\u00e3o</a></p>\r\n<p><span><span class=\"ui-provider gs b c d e f g h i j k l m n o p q r s t u v w x y z ab ac ae af ag ah ai aj ak\" dir=\"ltr\"><br /></span></span></p>\r\n</td>\r\n</tr>\r\n<tr>\r\n<td>14:00-17:00</td>\r\n<td><strong>Sala 03</strong></td>\r\n<td><strong>SCRUM (Turma 1)<br /></strong></td>\r\n<td>NaInova (<a title=\"\" href=\"https://engitec.interlegis.leg.br/engitec/edicoes/13-engitec/13o-arquivos/palestrantes/henrique-porath\" class=\"internal-link\" target=\"_self\">Henrique Porath</a> e <a title=\"\" href=\"https://engitec.interlegis.leg.br/engitec/edicoes/13-engitec/13o-arquivos/palestrantes/luiza-reolon-cabral\" class=\"internal-link\" target=\"_self\">Luiza Reolon Cabral</a>)</td>\r\n<td>30</td>\r\n</tr>\r\n<tr>\r\n<td>14:00-17:00</td>\r\n<td><strong>Sala 04</strong></td>\r\n<td><strong>Governan\u00e7a para C\u00e2maras Municipais (Turma 1)</strong></td>\r\n<td>Rede Governan\u00e7a Brasil (<a title=\"\" href=\"https://engitec.interlegis.leg.br/engitec/edicoes/13-engitec/13o-arquivos/palestrantes/luis-afonso-gomes-vieira\" class=\"internal-link\" target=\"_self\">Luis Afonso</a> e <a title=\"\" href=\"https://engitec.interlegis.leg.br/engitec/edicoes/13-engitec/13o-arquivos/palestrantes/eduardo-gil-carreira\" class=\"internal-link\" target=\"_self\">Eduardo Gil Carreira</a>)</td>\r\n<td>40</td>\r\n</tr>\r\n<tr>\r\n<td>14:00-17:00</td>\r\n<td><strong>Sala 05 (TI)</strong></td>\r\n<td><strong>SAAP (Turma 1)<br /></strong></td>\r\n<td><a title=\"\" href=\"https://engitec.interlegis.leg.br/engitec/edicoes/13-engitec/13o-arquivos/palestrantes/adalberto-alves-de-oliveira\" class=\"internal-link\" target=\"_self\">Adalberto</a></td>\r\n<td>30</td>\r\n</tr>\r\n<tr>\r\n<td>14:00-17:00</td>\r\n<td><strong>Sala 06 (TI)</strong></td>\r\n<td><strong>Portal Modelo (Turma 1)<br /></strong></td>\r\n<td><a title=\"\" href=\"https://engitec.interlegis.leg.br/engitec/edicoes/13-engitec/13o-arquivos/palestrantes/jb-1\" class=\"internal-link\" target=\"_self\"><span>JB</span></a></td>\r\n<td>30</td>\r\n</tr>\r\n</tbody>\r\n</table>\r\n<p><strong>20/06/2023 - Ter\u00e7a-feira</strong></p>\r\n<table class=\"plain\">\r\n<tbody>\r\n<tr>\r\n<td><strong>Hor\u00e1rio</strong></td>\r\n<td><strong>Sala</strong></td>\r\n<td><strong>Oficina<br /></strong></td>\r\n<td><strong>Instrutor</strong></td>\r\n<td><strong>Qtd. Pessoas</strong></td>\r\n</tr>\r\n<tr>\r\n<td>09:00-12:00</td>\r\n<td><strong>Anfiteatro</strong></td>\r\n<td><strong>Nova Lei de Licita\u00e7\u00f5es e Contratos (Turma 1)</strong></td>\r\n<td><a title=\"\" href=\"https://engitec.interlegis.leg.br/engitec/edicoes/13-engitec/13o-arquivos/palestrantes/angelina-souza-leonez\" class=\"internal-link\" target=\"_self\">Angelina Souza Leonez</a></td>\r\n<td>\r\n<p>60</p>\r\n<p><a class=\"external-link\" href=\"https://youtube.com/live/ewsYvEakzJ0?feature=share\" target=\"_self\" title=\"Link da grava\u00e7\u00e3o da Oficina de Nova Lei de Licita\u00e7\u00f5es e Contratos\">Link para transmiss\u00e3o da manh\u00e3</a></p>\r\n</td>\r\n</tr>\r\n<tr>\r\n<td>09:00-12:00</td>\r\n<td><strong>Sala 03</strong></td>\r\n<td><strong><strong>M\u00eddia Training: Como falar em p\u00fablico com clareza e autenticidade (Turma 1)</strong><br /></strong></td>\r\n<td><a title=\"\" href=\"https://engitec.interlegis.leg.br/engitec/edicoes/13-engitec/13o-arquivos/palestrantes/junia-melo\" class=\"internal-link\" target=\"_self\">Junia Melo</a></td>\r\n<td>\r\n<p>30</p>\r\n<p><a class=\"external-link\" href=\"https://youtu.be/SC7rOChXGlE\" target=\"_self\" title=\"Link da grava\u00e7\u00e3o da Oficina de Midia Training\">Link da grava\u00e7\u00e3o da oficina</a></p>\r\n</td>\r\n</tr>\r\n<tr>\r\n<td>09:00-12:00</td>\r\n<td><strong>Sala 04</strong></td>\r\n<td><strong><strong>UX (Turma 1)</strong></strong></td>\r\n<td>NaInova (<a title=\"\" href=\"https://engitec.interlegis.leg.br/engitec/edicoes/13-engitec/13o-arquivos/palestrantes/luiza-reolon-cabral\" class=\"internal-link\" target=\"_self\">Luiza Reolon Cabral</a>)</td>\r\n<td>40</td>\r\n</tr>\r\n<tr>\r\n<td>09:00-12:00</td>\r\n<td><strong>Sala 05 (TI)</strong></td>\r\n<td><strong>SAPL (Turma 1)</strong></td>\r\n<td><a title=\"\" href=\"https://engitec.interlegis.leg.br/engitec/edicoes/13-engitec/13o-arquivos/palestrantes/adalberto-alves-de-oliveira\" class=\"internal-link\" target=\"_self\">Adalberto</a></td>\r\n<td>40</td>\r\n</tr>\r\n<tr>\r\n<td>09:00-12:00</td>\r\n<td><strong>Sala 06 (TI)</strong></td>\r\n<td><strong><strong>Portal Modelo (Turma 2)</strong></strong></td>\r\n<td><a title=\"\" href=\"https://engitec.interlegis.leg.br/engitec/edicoes/13-engitec/13o-arquivos/palestrantes/jb-1\" class=\"internal-link\" target=\"_self\"><span>JB</span></a></td>\r\n<td>30</td>\r\n</tr>\r\n<tr>\r\n<td><strong>Almo\u00e7o</strong></td>\r\n<td><strong>---</strong></td>\r\n<td><strong>---</strong></td>\r\n<td><strong>---</strong></td>\r\n<td><strong>---</strong></td>\r\n</tr>\r\n<tr>\r\n<td>14:00-17:00</td>\r\n<td><strong>Anfiteatro</strong></td>\r\n<td><strong>Nova Lei de Licita\u00e7\u00f5es e Contratos (Turma 1)</strong></td>\r\n<td><a title=\"\" href=\"https://engitec.interlegis.leg.br/engitec/edicoes/13-engitec/13o-arquivos/palestrantes/angelina-souza-leonez\" class=\"internal-link\" target=\"_self\">Angelina Souza Leonez</a></td>\r\n<td>\r\n<p>60</p>\r\n<p><a class=\"external-link\" href=\"https://youtube.com/live/lW4umQ1eRq8?feature=share\" target=\"_self\" title=\"Link da grava\u00e7\u00e3o da Oficina de Nova Lei de Licita\u00e7\u00f5es e Contratos\">Link para transmiss\u00e3o da tarde</a></p>\r\n</td>\r\n</tr>\r\n<tr>\r\n<td>14:00-17:00</td>\r\n<td><strong>Sala 03</strong></td>\r\n<td><strong>M\u00eddia Training: Como falar em p\u00fablico com clareza e autenticidade (Turma 2)</strong></td>\r\n<td><a title=\"\" href=\"https://engitec.interlegis.leg.br/engitec/edicoes/13-engitec/13o-arquivos/palestrantes/junia-melo\" class=\"internal-link\" target=\"_self\">Junia Melo</a></td>\r\n<td>\r\n<p>30</p>\r\n<p><a class=\"external-link\" href=\"https://youtu.be/SC7rOChXGlE\" target=\"_self\" title=\"Link da grava\u00e7\u00e3o da Oficina de Midia Training\">Link da grava\u00e7\u00e3o da oficina</a></p>\r\n</td>\r\n</tr>\r\n<tr>\r\n<td>14:00-17:00</td>\r\n<td><strong>Sala 04</strong></td>\r\n<td><strong>Governan\u00e7a para C\u00e2maras Municipais (Turma 2)</strong></td>\r\n<td>Rede Governan\u00e7a Brasil (<a title=\"\" href=\"https://engitec.interlegis.leg.br/engitec/edicoes/13-engitec/13o-arquivos/palestrantes/luis-afonso-gomes-vieira\" class=\"internal-link\" target=\"_self\">Luis Afonso</a> e <a title=\"\" href=\"https://engitec.interlegis.leg.br/engitec/edicoes/13-engitec/13o-arquivos/palestrantes/eduardo-gil-carreira\" class=\"internal-link\" target=\"_self\">Eduardo Gil Carreira</a>)</td>\r\n<td>40</td>\r\n</tr>\r\n<tr>\r\n<td>14:00-17:00</td>\r\n<td><strong>Sala 05 (TI)</strong></td>\r\n<td><strong>SAPL</strong> <strong>(Turma 1)</strong></td>\r\n<td><a title=\"\" href=\"https://engitec.interlegis.leg.br/engitec/edicoes/13-engitec/13o-arquivos/palestrantes/adalberto-alves-de-oliveira\" class=\"internal-link\" target=\"_self\">Adalberto</a></td>\r\n<td>40</td>\r\n</tr>\r\n<tr>\r\n<td>14:00-17:00</td>\r\n<td><strong>Sala 06 (TI)</strong></td>\r\n<td><strong>Entendendo as possibilidades de Gest\u00e3o integrada, com <a class=\"external-link\" href=\"http://www.briskppm.com.br/\" target=\"_blank\" title=\"BriskPPM\">BriskPPM</a>\u00a0(Turma 2)</strong></td>\r\n<td><a title=\"\" href=\"https://engitec.interlegis.leg.br/engitec/edicoes/13-engitec/13o-arquivos/palestrantes/jose-pereira\" class=\"internal-link\" target=\"_self\">Jos\u00e9 Pereira</a></td>\r\n<td>30</td>\r\n</tr>\r\n</tbody>\r\n</table>\r\n<h3></h3>\r\n<h3>Grade para Palestras (Audit\u00f3rio)</h3>\r\n<p><strong>21/06/2023 - Quarta-feira</strong></p>\r\n<table class=\"plain\">\r\n<tbody>\r\n<tr>\r\n<td><strong>In\u00edcio</strong></td>\r\n<td><strong>Fim</strong></td>\r\n<td><strong>Tema</strong></td>\r\n<td><strong>Palestrante</strong></td>\r\n<td><strong>Institui\u00e7\u00e3o</strong></td>\r\n<td><strong>Link da transmiss\u00e3o<br /></strong></td>\r\n</tr>\r\n<tr>\r\n<td>08:00</td>\r\n<td>09:00</td>\r\n<td><em>Credenciamento</em></td>\r\n<td>-----</td>\r\n<td>-----</td>\r\n<td></td>\r\n</tr>\r\n<tr>\r\n<td>09:00</td>\r\n<td>09:20</td>\r\n<td><strong>Cerim\u00f4nia de Abertura do 13\u00ba EnGITEC</strong><strong> - Rumo ao Parlamento do Futuro<br /></strong></td>\r\n<td>\r\n<p><a title=\"\" href=\"https://engitec.interlegis.leg.br/engitec/edicoes/13-engitec/13o-arquivos/palestrantes/ilana-trombka\" class=\"internal-link\" target=\"_self\"><strong>Ilana Trombka</strong> </a>(Diretora-Geral do Senado Federal)</p>\r\n<p><strong>Amanda Rodrigues de Albuquerque</strong><br />(Diretora-Executiva, em exerc\u00edcio)</p>\r\n<p><strong><a title=\"\" href=\"https://engitec.interlegis.leg.br/engitec/edicoes/13-engitec/13o-arquivos/palestrantes/joao-henrique-gouveia\" class=\"internal-link\" target=\"_self\">Jo\u00e3o Henrique Gouveia</a></strong> (<span>Coordena\u00e7\u00e3o de Tecnologia da Informa\u00e7\u00e3o</span> - COTIN)</p>\r\n<p><a title=\"\" href=\"https://engitec.interlegis.leg.br/engitec/edicoes/13-engitec/13o-arquivos/palestrantes/ramiro-batista-da-luz\" class=\"internal-link\" target=\"_self\"><strong>Ramiro Batista da Luz</strong></a></p>\r\n<p>(Representante da Comunidade GITEC)</p>\r\n</td>\r\n<td><br />Senado Federal</td>\r\n<td>\r\n<p>\u00a0<a class=\"fui-Link ___1idfs5o f3rmtva f1ewtqcl fyind8e f1k6fduh f1w7gpdv fk6fouc fjoy568 figsok6 f1hu3pq6 f11qmguv f19f4twv f1tyq0we f1g0x7ka fhxju0i f1qch9an f1cnd47f fqv5qza f1vmzxwi f1o700av f13mvf36 f1cmlufx f9n3di6 f1ids18y f1tx3yz7 f1deo86v f1eh06m1 f1iescvh ftqa4ok f2hkw1w fhgqx19 f1olyrje f1p93eir f1h8hb77 f1x7u7e9 f10aw75t fsle3fq f17ae5zn\" href=\"https://youtube.com/live/6k72BmYQakc?feature=share\" rel=\"noreferrer noopener\" target=\"_blank\" title=\"https://youtube.com/live/6k72bmyqakc?feature=share\">https://youtube.com/live/6k72BmYQakc?feature=share</a></p>\r\n</td>\r\n</tr>\r\n<tr>\r\n<td>09:20</td>\r\n<td>09:50</td>\r\n<td><strong>Palestra Magna</strong></td>\r\n<td>\r\n<p align=\"center\" style=\"text-align: left; \"><a title=\"\" href=\"https://engitec.interlegis.leg.br/engitec/edicoes/13-engitec/13o-arquivos/palestrantes/ilana-trombka\" class=\"internal-link\" target=\"_self\"><strong>Ilana Trombka</strong></a></p>\r\n</td>\r\n<td>\r\n<p>\u00a0Diretora-Geral do Senado Federal</p>\r\n</td>\r\n<td>\r\n<p>\u00a0\u00a0<a class=\"fui-Link ___1idfs5o f3rmtva f1ewtqcl fyind8e f1k6fduh f1w7gpdv fk6fouc fjoy568 figsok6 f1hu3pq6 f11qmguv f19f4twv f1tyq0we f1g0x7ka fhxju0i f1qch9an f1cnd47f fqv5qza f1vmzxwi f1o700av f13mvf36 f1cmlufx f9n3di6 f1ids18y f1tx3yz7 f1deo86v f1eh06m1 f1iescvh ftqa4ok f2hkw1w fhgqx19 f1olyrje f1p93eir f1h8hb77 f1x7u7e9 f10aw75t fsle3fq f17ae5zn\" href=\"https://youtube.com/live/6k72BmYQakc?feature=share\" rel=\"noreferrer noopener\" target=\"_blank\" title=\"https://youtube.com/live/6k72bmyqakc?feature=share\">https://youtube.com/live/6k72BmYQakc?feature=share</a></p>\r\n</td>\r\n</tr>\r\n<tr>\r\n<td>09:50</td>\r\n<td>10:10</td>\r\n<td><strong><span data-sheets-value=\"{&quot;1&quot;:2,&quot;2&quot;:&quot;09h50 - 10h10 : ORGANIZA\u00c7\u00c3O/DESORGANIZA\u00c7\u00c3O&quot;}\" data-sheets-userformat=\"{&quot;2&quot;:4995,&quot;3&quot;:{&quot;1&quot;:0},&quot;4&quot;:{&quot;1&quot;:2,&quot;2&quot;:16043212},&quot;10&quot;:2,&quot;11&quot;:0,&quot;12&quot;:0,&quot;15&quot;:&quot;Arial&quot;}\">ORGANIZA\u00c7\u00c3O/DESORGANIZA\u00c7\u00c3O</span></strong></td>\r\n<td>-----</td>\r\n<td>-----</td>\r\n<td>-----</td>\r\n</tr>\r\n<tr>\r\n<td>10:10</td>\r\n<td>10:30</td>\r\n<td><strong><span data-sheets-value=\"{&quot;1&quot;:2,&quot;2&quot;:&quot;10h 10- 10h30 : FOTO OFICIAL&quot;}\" data-sheets-userformat=\"{&quot;2&quot;:4995,&quot;3&quot;:{&quot;1&quot;:0},&quot;4&quot;:{&quot;1&quot;:2,&quot;2&quot;:16043212},&quot;10&quot;:2,&quot;11&quot;:0,&quot;12&quot;:0,&quot;15&quot;:&quot;Arial&quot;}\">FOTO OFICIAL</span></strong></td>\r\n<td>-----</td>\r\n<td>-----</td>\r\n<td>-----</td>\r\n</tr>\r\n<tr>\r\n<td>10:30</td>\r\n<td>11:10</td>\r\n<td><strong><span data-sheets-value=\"{&quot;1&quot;:2,&quot;2&quot;:&quot;10h30 - 11h10 : PALESTRA&quot;}\" data-sheets-userformat=\"{&quot;2&quot;:4995,&quot;3&quot;:{&quot;1&quot;:0},&quot;4&quot;:{&quot;1&quot;:2,&quot;2&quot;:65280},&quot;10&quot;:2,&quot;11&quot;:0,&quot;12&quot;:0,&quot;15&quot;:&quot;Arial&quot;}\"><span data-sheets-value=\"{&quot;1&quot;:2,&quot;2&quot;:&quot;\u2611\ufe0f Gest\u00e3o e Governan\u00e7a no Poder Legislativo&quot;}\" data-sheets-userformat=\"{&quot;2&quot;:4482,&quot;4&quot;:{&quot;1&quot;:2,&quot;2&quot;:65280},&quot;10&quot;:2,&quot;11&quot;:0,&quot;15&quot;:&quot;Arial&quot;}\">Gest\u00e3o e Governan\u00e7a no Poder Legislativo</span></span></strong></td>\r\n<td><a title=\"\" href=\"https://engitec.interlegis.leg.br/engitec/edicoes/13-engitec/13o-arquivos/palestrantes/cristiane-nardes\" class=\"internal-link\" target=\"_self\"><span data-sheets-value=\"{&quot;1&quot;:2,&quot;2&quot;:&quot;\ud83d\udde3\ufe0f Cristiane Nardes (Diretora de Governan\u00e7a do Instituto Latino-Americano de Governan\u00e7a e Compliance P\u00fablico (IGCP))&quot;}\" data-sheets-userformat=\"{&quot;2&quot;:4995,&quot;3&quot;:{&quot;1&quot;:0},&quot;4&quot;:{&quot;1&quot;:2,&quot;2&quot;:65280},&quot;10&quot;:2,&quot;11&quot;:0,&quot;12&quot;:0,&quot;15&quot;:&quot;Arial&quot;}\">Cristiane Nardes<br /></span></a></td>\r\n<td><span data-sheets-value=\"{&quot;1&quot;:2,&quot;2&quot;:&quot;\ud83d\udde3\ufe0f Cristiane Nardes (Diretora de Governan\u00e7a do Instituto Latino-Americano de Governan\u00e7a e Compliance P\u00fablico (IGCP))&quot;}\" data-sheets-userformat=\"{&quot;2&quot;:4995,&quot;3&quot;:{&quot;1&quot;:0},&quot;4&quot;:{&quot;1&quot;:2,&quot;2&quot;:65280},&quot;10&quot;:2,&quot;11&quot;:0,&quot;12&quot;:0,&quot;15&quot;:&quot;Arial&quot;}\">Diretora de Governan\u00e7a do Instituto Latino-Americano de Governan\u00e7a e Compliance P\u00fablico (IGCP)</span></td>\r\n<td><a class=\"fui-Link ___1idfs5o f3rmtva f1ewtqcl fyind8e f1k6fduh f1w7gpdv fk6fouc fjoy568 figsok6 f1hu3pq6 f11qmguv f19f4twv f1tyq0we f1g0x7ka fhxju0i f1qch9an f1cnd47f fqv5qza f1vmzxwi f1o700av f13mvf36 f1cmlufx f9n3di6 f1ids18y f1tx3yz7 f1deo86v f1eh06m1 f1iescvh ftqa4ok f2hkw1w fhgqx19 f1olyrje f1p93eir f1h8hb77 f1x7u7e9 f10aw75t fsle3fq f17ae5zn\" href=\"https://youtube.com/live/6k72BmYQakc?feature=share\" rel=\"noreferrer noopener\" target=\"_blank\" title=\"https://youtube.com/live/6k72bmyqakc?feature=share\">https://youtube.com/live/6k72BmYQakc?feature=share</a></td>\r\n</tr>\r\n<tr>\r\n<td>11:10</td>\r\n<td>11:40</td>\r\n<td><strong><span data-sheets-value=\"{&quot;1&quot;:2,&quot;2&quot;:&quot;\u2611\ufe0f Trabalho remoto na C\u00e2mara Municipal: Como a flexibilidade pode melhorar a efici\u00eancia administrativa&quot;}\" data-sheets-userformat=\"{&quot;2&quot;:515,&quot;3&quot;:{&quot;1&quot;:0},&quot;4&quot;:{&quot;1&quot;:2,&quot;2&quot;:65280},&quot;12&quot;:0}\">Trabalho remoto na C\u00e2mara Municipal: Como a flexibilidade pode melhorar a efici\u00eancia administrativa</span></strong></td>\r\n<td><span data-sheets-value=\"{&quot;1&quot;:2,&quot;2&quot;:&quot;\ud83d\udde3\ufe0f Patricia Carneiro Braz Guerra de Souza e Karolina Vitorino (C\u00e2mara Municipal de Itapo\u00e1/SC)&quot;}\" data-sheets-userformat=\"{&quot;2&quot;:515,&quot;3&quot;:{&quot;1&quot;:0},&quot;4&quot;:{&quot;1&quot;:2,&quot;2&quot;:65280},&quot;12&quot;:0}\"><a title=\"\" href=\"https://engitec.interlegis.leg.br/engitec/edicoes/13-engitec/13o-arquivos/palestrantes/patricia-carneiro-braz-guerra-de-souza\" class=\"internal-link\" target=\"_self\">Patricia Carneiro Braz Guerra de Souza</a> e <a title=\"\" href=\"https://engitec.interlegis.leg.br/engitec/edicoes/13-engitec/13o-arquivos/palestrantes/karolina-vitorino\" class=\"internal-link\" target=\"_self\">Karolina Vitorino<br /></a></span></td>\r\n<td><span data-sheets-value=\"{&quot;1&quot;:2,&quot;2&quot;:&quot;\ud83d\udde3\ufe0f Patricia Carneiro Braz Guerra de Souza e Karolina Vitorino (C\u00e2mara Municipal de Itapo\u00e1/SC)&quot;}\" data-sheets-userformat=\"{&quot;2&quot;:515,&quot;3&quot;:{&quot;1&quot;:0},&quot;4&quot;:{&quot;1&quot;:2,&quot;2&quot;:65280},&quot;12&quot;:0}\">C\u00e2mara Municipal de Itapo\u00e1/SC</span></td>\r\n<td><a class=\"fui-Link ___1idfs5o f3rmtva f1ewtqcl fyind8e f1k6fduh f1w7gpdv fk6fouc fjoy568 figsok6 f1hu3pq6 f11qmguv f19f4twv f1tyq0we f1g0x7ka fhxju0i f1qch9an f1cnd47f fqv5qza f1vmzxwi f1o700av f13mvf36 f1cmlufx f9n3di6 f1ids18y f1tx3yz7 f1deo86v f1eh06m1 f1iescvh ftqa4ok f2hkw1w fhgqx19 f1olyrje f1p93eir f1h8hb77 f1x7u7e9 f10aw75t fsle3fq f17ae5zn\" href=\"https://youtube.com/live/6k72BmYQakc?feature=share\" rel=\"noreferrer noopener\" target=\"_blank\" title=\"https://youtube.com/live/6k72bmyqakc?feature=share\">https://youtube.com/live/6k72BmYQakc?feature=share</a></td>\r\n</tr>\r\n<tr>\r\n<td>11:40</td>\r\n<td>12:00</td>\r\n<td><strong><span data-sheets-value=\"{&quot;1&quot;:2,&quot;2&quot;:&quot;\u2611\ufe0f Trabalho remoto na C\u00e2mara Municipal: Como a flexibilidade pode melhorar a efici\u00eancia administrativa&quot;}\" data-sheets-userformat=\"{&quot;2&quot;:515,&quot;3&quot;:{&quot;1&quot;:0},&quot;4&quot;:{&quot;1&quot;:2,&quot;2&quot;:65280},&quot;12&quot;:0}\">C\u00e2mara sem papel</span></strong></td>\r\n<td><a title=\"\" href=\"https://engitec.interlegis.leg.br/engitec/edicoes/13-engitec/13o-arquivos/palestrantes/luis-fernando-schweder-1\" class=\"internal-link\" target=\"_self\"><span data-sheets-value=\"{&quot;1&quot;:2,&quot;2&quot;:&quot;\ud83d\udde3\ufe0f Patricia Carneiro Braz Guerra de Souza e Karolina Vitorino (C\u00e2mara Municipal de Itapo\u00e1/SC)&quot;}\" data-sheets-userformat=\"{&quot;2&quot;:515,&quot;3&quot;:{&quot;1&quot;:0},&quot;4&quot;:{&quot;1&quot;:2,&quot;2&quot;:65280},&quot;12&quot;:0}\">Luis Fernando Schweder</span></a></td>\r\n<td><span data-sheets-value=\"{&quot;1&quot;:2,&quot;2&quot;:&quot;\ud83d\udde3\ufe0f Patricia Carneiro Braz Guerra de Souza e Karolina Vitorino (C\u00e2mara Municipal de Itapo\u00e1/SC)&quot;}\" data-sheets-userformat=\"{&quot;2&quot;:515,&quot;3&quot;:{&quot;1&quot;:0},&quot;4&quot;:{&quot;1&quot;:2,&quot;2&quot;:65280},&quot;12&quot;:0}\">C\u00e2mara Municipal de Rio do Sul/SC</span></td>\r\n<td><a class=\"fui-Link ___1idfs5o f3rmtva f1ewtqcl fyind8e f1k6fduh f1w7gpdv fk6fouc fjoy568 figsok6 f1hu3pq6 f11qmguv f19f4twv f1tyq0we f1g0x7ka fhxju0i f1qch9an f1cnd47f fqv5qza f1vmzxwi f1o700av f13mvf36 f1cmlufx f9n3di6 f1ids18y f1tx3yz7 f1deo86v f1eh06m1 f1iescvh ftqa4ok f2hkw1w fhgqx19 f1olyrje f1p93eir f1h8hb77 f1x7u7e9 f10aw75t fsle3fq f17ae5zn\" href=\"https://youtube.com/live/6k72BmYQakc?feature=share\" rel=\"noreferrer noopener\" target=\"_blank\" title=\"https://youtube.com/live/6k72bmyqakc?feature=share\">https://youtube.com/live/6k72BmYQakc?feature=share</a></td>\r\n</tr>\r\n<tr>\r\n<td>12:00</td>\r\n<td>12:10</td>\r\n<td><strong><span data-sheets-value=\"{&quot;1&quot;:2,&quot;2&quot;:&quot;11h50 - 12h : ORGANIZA\u00c7\u00c3O/DESORGANIZA\u00c7\u00c3O&quot;}\" data-sheets-userformat=\"{&quot;2&quot;:4995,&quot;3&quot;:{&quot;1&quot;:0},&quot;4&quot;:{&quot;1&quot;:2,&quot;2&quot;:16043212},&quot;10&quot;:2,&quot;11&quot;:0,&quot;12&quot;:0,&quot;15&quot;:&quot;Arial&quot;}\">ORGANIZA\u00c7\u00c3O/DESORGANIZA\u00c7\u00c3O</span></strong></td>\r\n<td>-----</td>\r\n<td>-----</td>\r\n<td>-----</td>\r\n</tr>\r\n<tr>\r\n<td>12:00</td>\r\n<td>13:30</td>\r\n<td><strong><span data-sheets-value=\"{&quot;1&quot;:2,&quot;2&quot;:&quot;12h - 13h30 : ALMO\u00c7O&quot;}\" data-sheets-userformat=\"{&quot;2&quot;:4995,&quot;3&quot;:{&quot;1&quot;:0},&quot;4&quot;:{&quot;1&quot;:2,&quot;2&quot;:16773836},&quot;10&quot;:2,&quot;11&quot;:0,&quot;12&quot;:0,&quot;15&quot;:&quot;Arial&quot;}\">ALMO\u00c7O</span></strong></td>\r\n<td>-----</td>\r\n<td>-----</td>\r\n<td>-----</td>\r\n</tr>\r\n<tr>\r\n<td>13:30</td>\r\n<td>14:00</td>\r\n<td><strong><span data-sheets-value=\"{&quot;1&quot;:2,&quot;2&quot;:&quot;13h30 - 14h : ORGANIZA\u00c7\u00c3O/DESORGANIZA\u00c7\u00c3O&quot;}\" data-sheets-userformat=\"{&quot;2&quot;:4995,&quot;3&quot;:{&quot;1&quot;:0},&quot;4&quot;:{&quot;1&quot;:2,&quot;2&quot;:16043212},&quot;10&quot;:2,&quot;11&quot;:0,&quot;12&quot;:0,&quot;15&quot;:&quot;Arial&quot;}\">ORGANIZA\u00c7\u00c3O/DESORGANIZA\u00c7\u00c3O</span></strong></td>\r\n<td>-----</td>\r\n<td>-----</td>\r\n<td>-----</td>\r\n</tr>\r\n<tr>\r\n<td>14:00</td>\r\n<td>14:40</td>\r\n<td><strong><span data-sheets-value=\"{&quot;1&quot;:2,&quot;2&quot;:&quot;\u2611\ufe0f LGPD - O que mudou? Como ser\u00e1 o futuro?&quot;}\" data-sheets-userformat=\"{&quot;2&quot;:4482,&quot;4&quot;:{&quot;1&quot;:2,&quot;2&quot;:65280},&quot;10&quot;:2,&quot;11&quot;:0,&quot;15&quot;:&quot;Arial&quot;}\">LGPD - O que mudou? Como ser\u00e1 o futuro?</span></strong></td>\r\n<td><a title=\"\" href=\"https://engitec.interlegis.leg.br/engitec/edicoes/13-engitec/13o-arquivos/palestrantes/lucas-paglia\" class=\"internal-link\" target=\"_self\"><span data-sheets-value=\"{&quot;1&quot;:2,&quot;2&quot;:&quot;\ud83d\udde3\ufe0f Lucas Paglia (Coordenador do Comit\u00ea de LGPD da Rede Governan\u00e7a Brasil e S\u00f3cio Fundador da LP Consultoria)&quot;}\" data-sheets-userformat=\"{&quot;2&quot;:4739,&quot;3&quot;:{&quot;1&quot;:0},&quot;4&quot;:{&quot;1&quot;:2,&quot;2&quot;:65280},&quot;10&quot;:2,&quot;12&quot;:0,&quot;15&quot;:&quot;Arial&quot;}\">Lucas Paglia<br /></span></a></td>\r\n<td><span data-sheets-value=\"{&quot;1&quot;:2,&quot;2&quot;:&quot;\ud83d\udde3\ufe0f Lucas Paglia (Coordenador do Comit\u00ea de LGPD da Rede Governan\u00e7a Brasil e S\u00f3cio Fundador da LP Consultoria)&quot;}\" data-sheets-userformat=\"{&quot;2&quot;:4739,&quot;3&quot;:{&quot;1&quot;:0},&quot;4&quot;:{&quot;1&quot;:2,&quot;2&quot;:65280},&quot;10&quot;:2,&quot;12&quot;:0,&quot;15&quot;:&quot;Arial&quot;}\">Coordenador do Comit\u00ea de LGPD da Rede Governan\u00e7a Brasil e S\u00f3cio Fundador da LP Consultoria</span></td>\r\n<td><span><span class=\"ui-provider fz b c d e f g h i j k l m n o p q r s t u v w x y z ab ac ae af ag ah ai aj ak\" dir=\"ltr\"><a class=\"fui-Link ___1idfs5o f3rmtva f1ewtqcl fyind8e f1k6fduh f1w7gpdv fk6fouc fjoy568 figsok6 f1hu3pq6 f11qmguv f19f4twv f1tyq0we f1g0x7ka fhxju0i f1qch9an f1cnd47f fqv5qza f1vmzxwi f1o700av f13mvf36 f1cmlufx f9n3di6 f1ids18y f1tx3yz7 f1deo86v f1eh06m1 f1iescvh ftqa4ok f2hkw1w fhgqx19 f1olyrje f1p93eir f1h8hb77 f1x7u7e9 f10aw75t fsle3fq f17ae5zn\" href=\"https://youtube.com/live/-h8k7ZkXIdY?feature=share\" rel=\"noreferrer noopener\" target=\"_blank\" title=\"https://youtube.com/live/-h8k7zkxidy?feature=share\">https://youtube.com/live/-h8k7ZkXIdY?feature=share</a></span></span></td>\r\n</tr>\r\n<tr>\r\n<td>14:40</td>\r\n<td>14:55</td>\r\n<td><strong><span data-sheets-value=\"{&quot;1&quot;:2,&quot;2&quot;:&quot;14h40 - 15h : ORGANIZA\u00c7\u00c3O/DESORGANIZA\u00c7\u00c3O&quot;}\" data-sheets-userformat=\"{&quot;2&quot;:4995,&quot;3&quot;:{&quot;1&quot;:0},&quot;4&quot;:{&quot;1&quot;:2,&quot;2&quot;:16043212},&quot;10&quot;:2,&quot;11&quot;:0,&quot;12&quot;:0,&quot;15&quot;:&quot;Arial&quot;}\"><strong><span data-sheets-value=\"{&quot;1&quot;:2,&quot;2&quot;:&quot;\u2611\ufe0f Experi\u00eancia e intera\u00e7\u00e3o de Gun\u00e9-Bissau com a comunidade GITEC&quot;}\" data-sheets-userformat=\"{&quot;2&quot;:4995,&quot;3&quot;:{&quot;1&quot;:0},&quot;4&quot;:{&quot;1&quot;:2,&quot;2&quot;:65280},&quot;10&quot;:2,&quot;11&quot;:0,&quot;12&quot;:0,&quot;15&quot;:&quot;Arial&quot;}\">PRONAGOV (Programa Nacional de Governan\u00e7a P\u00fablica)</span></strong></span></strong></td>\r\n<td><a title=\"\" href=\"https://engitec.interlegis.leg.br/engitec/edicoes/13-engitec/13o-arquivos/palestrantes/henrique\" class=\"internal-link\" target=\"_self\"><span>Henrique</span> Farinon</a></td>\r\n<td>Diretor de Novos Neg\u00f3cios - IGCP</td>\r\n<td><span><span class=\"ui-provider fz b c d e f g h i j k l m n o p q r s t u v w x y z ab ac ae af ag ah ai aj ak\" dir=\"ltr\"><a class=\"fui-Link ___1idfs5o f3rmtva f1ewtqcl fyind8e f1k6fduh f1w7gpdv fk6fouc fjoy568 figsok6 f1hu3pq6 f11qmguv f19f4twv f1tyq0we f1g0x7ka fhxju0i f1qch9an f1cnd47f fqv5qza f1vmzxwi f1o700av f13mvf36 f1cmlufx f9n3di6 f1ids18y f1tx3yz7 f1deo86v f1eh06m1 f1iescvh ftqa4ok f2hkw1w fhgqx19 f1olyrje f1p93eir f1h8hb77 f1x7u7e9 f10aw75t fsle3fq f17ae5zn\" href=\"https://youtube.com/live/-h8k7ZkXIdY?feature=share\" rel=\"noreferrer noopener\" target=\"_blank\" title=\"https://youtube.com/live/-h8k7zkxidy?feature=share\">https://youtube.com/live/-h8k7ZkXIdY?feature=share</a></span></span></td>\r\n</tr>\r\n<tr>\r\n<td>14:55</td>\r\n<td>15:00</td>\r\n<td><strong><span data-sheets-value=\"{&quot;1&quot;:2,&quot;2&quot;:&quot;14h40 - 15h : ORGANIZA\u00c7\u00c3O/DESORGANIZA\u00c7\u00c3O&quot;}\" data-sheets-userformat=\"{&quot;2&quot;:4995,&quot;3&quot;:{&quot;1&quot;:0},&quot;4&quot;:{&quot;1&quot;:2,&quot;2&quot;:16043212},&quot;10&quot;:2,&quot;11&quot;:0,&quot;12&quot;:0,&quot;15&quot;:&quot;Arial&quot;}\">ORGANIZA\u00c7\u00c3O/DESORGANIZA\u00c7\u00c3O</span></strong></td>\r\n<td>-----</td>\r\n<td>-----</td>\r\n<td>-----</td>\r\n</tr>\r\n<tr>\r\n<td>15:00</td>\r\n<td>15:30</td>\r\n<td><strong><span data-sheets-value=\"{&quot;1&quot;:2,&quot;2&quot;:&quot;\u2611\ufe0f Escolas de Governo e Educa\u00e7\u00e3o Cidad\u00e3 x Futuro&quot;}\" data-sheets-userformat=\"{&quot;2&quot;:4482,&quot;4&quot;:{&quot;1&quot;:2,&quot;2&quot;:65280},&quot;10&quot;:2,&quot;11&quot;:0,&quot;15&quot;:&quot;Arial&quot;}\">Escolas de Governo e Educa\u00e7\u00e3o Cidad\u00e3 x Futuro</span></strong></td>\r\n<td><a title=\"\" href=\"https://engitec.interlegis.leg.br/engitec/edicoes/13-engitec/13o-arquivos/palestrantes/dr-florian-augusto-coutinho-madruga\" class=\"internal-link\" target=\"_self\"><span data-sheets-value=\"{&quot;1&quot;:2,&quot;2&quot;:&quot;\ud83d\udde3\ufe0f Florian Madruga (Presidente da ABEL)&quot;}\" data-sheets-userformat=\"{&quot;2&quot;:4995,&quot;3&quot;:{&quot;1&quot;:0},&quot;4&quot;:{&quot;1&quot;:2,&quot;2&quot;:65280},&quot;10&quot;:2,&quot;11&quot;:0,&quot;12&quot;:0,&quot;15&quot;:&quot;Arial&quot;}\">Florian Madruga<br /></span></a></td>\r\n<td><span data-sheets-value=\"{&quot;1&quot;:2,&quot;2&quot;:&quot;\ud83d\udde3\ufe0f Florian Madruga (Presidente da ABEL)&quot;}\" data-sheets-userformat=\"{&quot;2&quot;:4995,&quot;3&quot;:{&quot;1&quot;:0},&quot;4&quot;:{&quot;1&quot;:2,&quot;2&quot;:65280},&quot;10&quot;:2,&quot;11&quot;:0,&quot;12&quot;:0,&quot;15&quot;:&quot;Arial&quot;}\">Presidente da ABEL</span></td>\r\n<td><span><span class=\"ui-provider fz b c d e f g h i j k l m n o p q r s t u v w x y z ab ac ae af ag ah ai aj ak\" dir=\"ltr\"><a class=\"fui-Link ___1idfs5o f3rmtva f1ewtqcl fyind8e f1k6fduh f1w7gpdv fk6fouc fjoy568 figsok6 f1hu3pq6 f11qmguv f19f4twv f1tyq0we f1g0x7ka fhxju0i f1qch9an f1cnd47f fqv5qza f1vmzxwi f1o700av f13mvf36 f1cmlufx f9n3di6 f1ids18y f1tx3yz7 f1deo86v f1eh06m1 f1iescvh ftqa4ok f2hkw1w fhgqx19 f1olyrje f1p93eir f1h8hb77 f1x7u7e9 f10aw75t fsle3fq f17ae5zn\" href=\"https://youtube.com/live/-h8k7ZkXIdY?feature=share\" rel=\"noreferrer noopener\" target=\"_blank\" title=\"https://youtube.com/live/-h8k7zkxidy?feature=share\">https://youtube.com/live/-h8k7ZkXIdY?feature=share</a></span></span></td>\r\n</tr>\r\n<tr>\r\n<td>15:30</td>\r\n<td>15:40</td>\r\n<td><strong><span data-sheets-value=\"{&quot;1&quot;:2,&quot;2&quot;:&quot;15h30 - 15h50 : ORGANIZA\u00c7\u00c3O/DESORGANIZA\u00c7\u00c3O&quot;}\" data-sheets-userformat=\"{&quot;2&quot;:4995,&quot;3&quot;:{&quot;1&quot;:0},&quot;4&quot;:{&quot;1&quot;:2,&quot;2&quot;:16043212},&quot;10&quot;:2,&quot;11&quot;:0,&quot;12&quot;:0,&quot;15&quot;:&quot;Arial&quot;}\">ORGANIZA\u00c7\u00c3O/DESORGANIZA\u00c7\u00c3O</span></strong></td>\r\n<td>-----</td>\r\n<td>-----</td>\r\n<td>-----</td>\r\n</tr>\r\n<tr>\r\n<td>15:40</td>\r\n<td>16:20</td>\r\n<td><strong>SIAFIC</strong></td>\r\n<td><span data-sheets-value=\"{&quot;1&quot;:2,&quot;2&quot;:&quot;\ud83d\udde3\ufe0f Bruno Sitonio Fialho de Oliveira (Conselheiro Federal do CFC)&quot;}\" data-sheets-userformat=\"{&quot;2&quot;:4995,&quot;3&quot;:{&quot;1&quot;:0},&quot;4&quot;:{&quot;1&quot;:2,&quot;2&quot;:65280},&quot;10&quot;:2,&quot;11&quot;:0,&quot;12&quot;:0,&quot;15&quot;:&quot;Arial&quot;}\"><a title=\"\" href=\"https://engitec.interlegis.leg.br/engitec/edicoes/13-engitec/13o-arquivos/palestrantes/brunno-sitonio-fialho-de-oliveira\" class=\"internal-link\" target=\"_self\">Brunno Sitonio Fialho de Oliveira<br /></a></span></td>\r\n<td><span data-sheets-value=\"{&quot;1&quot;:2,&quot;2&quot;:&quot;\ud83d\udde3\ufe0f Bruno Sitonio Fialho de Oliveira (Conselheiro Federal do CFC)&quot;}\" data-sheets-userformat=\"{&quot;2&quot;:4995,&quot;3&quot;:{&quot;1&quot;:0},&quot;4&quot;:{&quot;1&quot;:2,&quot;2&quot;:65280},&quot;10&quot;:2,&quot;11&quot;:0,&quot;12&quot;:0,&quot;15&quot;:&quot;Arial&quot;}\">Conselheiro Federal do CFC</span></td>\r\n<td><span><span class=\"ui-provider fz b c d e f g h i j k l m n o p q r s t u v w x y z ab ac ae af ag ah ai aj ak\" dir=\"ltr\"><a class=\"fui-Link ___1idfs5o f3rmtva f1ewtqcl fyind8e f1k6fduh f1w7gpdv fk6fouc fjoy568 figsok6 f1hu3pq6 f11qmguv f19f4twv f1tyq0we f1g0x7ka fhxju0i f1qch9an f1cnd47f fqv5qza f1vmzxwi f1o700av f13mvf36 f1cmlufx f9n3di6 f1ids18y f1tx3yz7 f1deo86v f1eh06m1 f1iescvh ftqa4ok f2hkw1w fhgqx19 f1olyrje f1p93eir f1h8hb77 f1x7u7e9 f10aw75t fsle3fq f17ae5zn\" href=\"https://youtube.com/live/-h8k7ZkXIdY?feature=share\" rel=\"noreferrer noopener\" target=\"_blank\" title=\"https://youtube.com/live/-h8k7zkxidy?feature=share\">https://youtube.com/live/-h8k7ZkXIdY?feature=share</a></span></span></td>\r\n</tr>\r\n<tr>\r\n<td>16:20</td>\r\n<td>16:30</td>\r\n<td><strong><span data-sheets-value=\"{&quot;1&quot;:2,&quot;2&quot;:&quot;16h30 - 16h40 : ORGANIZA\u00c7\u00c3O/DESORGANIZA\u00c7\u00c3O&quot;}\" data-sheets-userformat=\"{&quot;2&quot;:4995,&quot;3&quot;:{&quot;1&quot;:0},&quot;4&quot;:{&quot;1&quot;:2,&quot;2&quot;:16043212},&quot;10&quot;:2,&quot;11&quot;:0,&quot;12&quot;:0,&quot;15&quot;:&quot;Arial&quot;}\">ORGANIZA\u00c7\u00c3O/DESORGANIZA\u00c7\u00c3O</span></strong></td>\r\n<td>-----</td>\r\n<td>-----</td>\r\n<td>-----</td>\r\n</tr>\r\n<tr>\r\n<td>16:30</td>\r\n<td>17:10</td>\r\n<td><strong>O impacto da reforma pol\u00edtica nas elei\u00e7\u00f5es de 2024 - Vereador e Prefeito</strong></td>\r\n<td><a title=\"\" href=\"https://engitec.interlegis.leg.br/engitec/edicoes/13-engitec/13o-arquivos/palestrantes/jose-miranda-marques\" class=\"internal-link\" target=\"_self\">Jos\u00e9 Miranda Marques</a></td>\r\n<td></td>\r\n<td><span><span class=\"ui-provider fz b c d e f g h i j k l m n o p q r s t u v w x y z ab ac ae af ag ah ai aj ak\" dir=\"ltr\"><a class=\"fui-Link ___1idfs5o f3rmtva f1ewtqcl fyind8e f1k6fduh f1w7gpdv fk6fouc fjoy568 figsok6 f1hu3pq6 f11qmguv f19f4twv f1tyq0we f1g0x7ka fhxju0i f1qch9an f1cnd47f fqv5qza f1vmzxwi f1o700av f13mvf36 f1cmlufx f9n3di6 f1ids18y f1tx3yz7 f1deo86v f1eh06m1 f1iescvh ftqa4ok f2hkw1w fhgqx19 f1olyrje f1p93eir f1h8hb77 f1x7u7e9 f10aw75t fsle3fq f17ae5zn\" href=\"https://youtube.com/live/-h8k7ZkXIdY?feature=share\" rel=\"noreferrer noopener\" target=\"_blank\" title=\"https://youtube.com/live/-h8k7zkxidy?feature=share\">https://youtube.com/live/-h8k7ZkXIdY?feature=share</a></span></span></td>\r\n</tr>\r\n<tr>\r\n<td>17:10</td>\r\n<td>17:20</td>\r\n<td><strong><span data-sheets-value=\"{&quot;1&quot;:2,&quot;2&quot;:&quot;16h40 - 17h10 : PALESTRA&quot;}\" data-sheets-userformat=\"{&quot;2&quot;:4482,&quot;4&quot;:{&quot;1&quot;:2,&quot;2&quot;:65280},&quot;10&quot;:2,&quot;11&quot;:0,&quot;15&quot;:&quot;Arial&quot;}\"><span data-sheets-value=\"{&quot;1&quot;:2,&quot;2&quot;:&quot;17h10 - 17h20 : ORGANIZA\u00c7\u00c3O/DESORGANIZA\u00c7\u00c3O&quot;}\" data-sheets-userformat=\"{&quot;2&quot;:4995,&quot;3&quot;:{&quot;1&quot;:0},&quot;4&quot;:{&quot;1&quot;:2,&quot;2&quot;:16043212},&quot;10&quot;:2,&quot;11&quot;:0,&quot;12&quot;:0,&quot;15&quot;:&quot;Arial&quot;}\">ORGANIZA\u00c7\u00c3O/DESORGANIZA\u00c7\u00c3O</span></span></strong></td>\r\n<td>-----</td>\r\n<td>-----</td>\r\n<td>-----</td>\r\n</tr>\r\n<tr>\r\n<td>17:20</td>\r\n<td>18:00</td>\r\n<td><strong><span style=\"text-align: start; float: none; \">Atendendo a matriz espec\u00edfica de fiscaliza\u00e7\u00e3o do portal de transpar\u00eancia do poder legislativo municipal com o apoio do sistema SAPL</span></strong></td>\r\n<td><span data-sheets-value=\"{&quot;1&quot;:2,&quot;2&quot;:&quot;\ud83d\udde3\ufe0f Joaby Souto (CEO Colibrigov)&quot;}\" data-sheets-userformat=\"{&quot;2&quot;:4739,&quot;3&quot;:{&quot;1&quot;:0},&quot;4&quot;:{&quot;1&quot;:2,&quot;2&quot;:65280},&quot;10&quot;:2,&quot;12&quot;:0,&quot;15&quot;:&quot;Arial&quot;}\"><span style=\"text-align: start; float: none; \"><span><span dir=\"ltr\" id=\"breadcrumbs-4\"><span id=\"breadcrumbs-current\"><a title=\"\" href=\"https://engitec.interlegis.leg.br/engitec/edicoes/13-engitec/13o-arquivos/palestrantes/marcelo-santana-de-sousa\" class=\"internal-link\" target=\"_self\">Marcelo Santana de Sousa</a></span></span></span></span></span></td>\r\n<td><span data-sheets-value=\"{&quot;1&quot;:2,&quot;2&quot;:&quot;\ud83d\udde3\ufe0f Joaby Souto (CEO Colibrigov)&quot;}\" data-sheets-userformat=\"{&quot;2&quot;:4739,&quot;3&quot;:{&quot;1&quot;:0},&quot;4&quot;:{&quot;1&quot;:2,&quot;2&quot;:65280},&quot;10&quot;:2,&quot;12&quot;:0,&quot;15&quot;:&quot;Arial&quot;}\">Colibrigov <br /></span></td>\r\n<td><span><span class=\"ui-provider fz b c d e f g h i j k l m n o p q r s t u v w x y z ab ac ae af ag ah ai aj ak\" dir=\"ltr\"><a class=\"fui-Link ___1idfs5o f3rmtva f1ewtqcl fyind8e f1k6fduh f1w7gpdv fk6fouc fjoy568 figsok6 f1hu3pq6 f11qmguv f19f4twv f1tyq0we f1g0x7ka fhxju0i f1qch9an f1cnd47f fqv5qza f1vmzxwi f1o700av f13mvf36 f1cmlufx f9n3di6 f1ids18y f1tx3yz7 f1deo86v f1eh06m1 f1iescvh ftqa4ok f2hkw1w fhgqx19 f1olyrje f1p93eir f1h8hb77 f1x7u7e9 f10aw75t fsle3fq f17ae5zn\" href=\"https://youtube.com/live/-h8k7ZkXIdY?feature=share\" rel=\"noreferrer noopener\" target=\"_blank\" title=\"https://youtube.com/live/-h8k7zkxidy?feature=share\">https://youtube.com/live/-h8k7ZkXIdY?feature=share</a></span></span></td>\r\n</tr>\r\n<tr>\r\n<td>18:00</td>\r\n<td>18:10</td>\r\n<td><strong><span data-sheets-value=\"{&quot;1&quot;:2,&quot;2&quot;:&quot;17h50 - 18h : ORGANIZA\u00c7\u00c3O/DESORGANIZA\u00c7\u00c3O&quot;}\" data-sheets-userformat=\"{&quot;2&quot;:4995,&quot;3&quot;:{&quot;1&quot;:0},&quot;4&quot;:{&quot;1&quot;:2,&quot;2&quot;:16043212},&quot;10&quot;:2,&quot;11&quot;:0,&quot;12&quot;:0,&quot;15&quot;:&quot;Arial&quot;}\">ORGANIZA\u00c7\u00c3O/DESORGANIZA\u00c7\u00c3O</span></strong></td>\r\n<td>-----</td>\r\n<td>-----</td>\r\n<td>-----</td>\r\n</tr>\r\n<tr>\r\n<td></td>\r\n<td></td>\r\n<td>\r\n<p><strong><span data-sheets-value=\"{&quot;1&quot;:2,&quot;2&quot;:&quot;NOITE : INTERA\u00c7\u00c3O&quot;}\" data-sheets-userformat=\"{&quot;2&quot;:4482,&quot;4&quot;:{&quot;1&quot;:2,&quot;2&quot;:16043212},&quot;10&quot;:2,&quot;11&quot;:0,&quot;15&quot;:&quot;Arial&quot;}\">NOITE : Confraterniza\u00e7\u00e3o Oficial</span></strong></p>\r\n<p><strong><span data-sheets-value=\"{&quot;1&quot;:2,&quot;2&quot;:&quot;NOITE : INTERA\u00c7\u00c3O&quot;}\" data-sheets-userformat=\"{&quot;2&quot;:4482,&quot;4&quot;:{&quot;1&quot;:2,&quot;2&quot;:16043212},&quot;10&quot;:2,&quot;11&quot;:0,&quot;15&quot;:&quot;Arial&quot;}\">FESTA DO SEU JO\u00c3O (por ades\u00e3o)<br /></span></strong></p>\r\n<p><strong><span data-sheets-value=\"{&quot;1&quot;:2,&quot;2&quot;:&quot;NOITE : INTERA\u00c7\u00c3O&quot;}\" data-sheets-userformat=\"{&quot;2&quot;:4482,&quot;4&quot;:{&quot;1&quot;:2,&quot;2&quot;:16043212},&quot;10&quot;:2,&quot;11&quot;:0,&quot;15&quot;:&quot;Arial&quot;}\">Ingressos limitados! Garanta o seu.<br /></span></strong></p>\r\n</td>\r\n<td>-----</td>\r\n<td>-----</td>\r\n<td>-----</td>\r\n</tr>\r\n</tbody>\r\n</table>\r\n<p>\u00a0</p>\r\n<p><strong>22/06/2023 - Quinta-feira</strong></p>\r\n<table class=\"plain\">\r\n<tbody>\r\n<tr>\r\n<td><strong>In\u00edcio</strong></td>\r\n<td><strong>Fim</strong></td>\r\n<td><strong>Tema</strong></td>\r\n<td><strong>Palestrante</strong></td>\r\n<td><strong>Institui\u00e7\u00e3o</strong></td>\r\n<td><strong>Link da transmiss\u00e3o</strong></td>\r\n</tr>\r\n<tr>\r\n<td>08:00</td>\r\n<td>09:00</td>\r\n<td><em><em>Credenciamento</em></em></td>\r\n<td>-----</td>\r\n<td>-----</td>\r\n<td>-----</td>\r\n</tr>\r\n<tr>\r\n<td>09:00</td>\r\n<td>09:30</td>\r\n<td><strong>Liga do Bem, uma doa\u00e7\u00e3o de amor!</strong></td>\r\n<td><a title=\"\" href=\"https://engitec.interlegis.leg.br/engitec/edicoes/13-engitec/13o-arquivos/palestrantes/patricia-seixas\" class=\"internal-link\" target=\"_self\">Patr\u00edcia Seixas</a></td>\r\n<td>\r\n<p>Liga do Bem</p>\r\n</td>\r\n<td><a class=\"fui-Link ___1idfs5o f3rmtva f1ewtqcl fyind8e f1k6fduh f1w7gpdv fk6fouc fjoy568 figsok6 f1hu3pq6 f11qmguv f19f4twv f1tyq0we f1g0x7ka fhxju0i f1qch9an f1cnd47f fqv5qza f1vmzxwi f1o700av f13mvf36 f1cmlufx f9n3di6 f1ids18y f1tx3yz7 f1deo86v f1eh06m1 f1iescvh ftqa4ok f2hkw1w fhgqx19 f1olyrje f1p93eir f1h8hb77 f1x7u7e9 f10aw75t fsle3fq f17ae5zn\" href=\"https://youtube.com/live/CpvRxR5LuRA?feature=share\" rel=\"noreferrer noopener\" target=\"_blank\" title=\"https://youtube.com/live/cpvrxr5lura?feature=share\">https://youtube.com/live/CpvRxR5LuRA?feature=share</a></td>\r\n</tr>\r\n<tr>\r\n<td>09:30</td>\r\n<td>10:10</td>\r\n<td><strong><span data-sheets-value=\"{&quot;1&quot;:2,&quot;2&quot;:&quot;\u2611\ufe0f Desafios t\u00e9cnicos e log\u00edsticos dos documentos nato digitais no Processo Legislativo&quot;}\" data-sheets-userformat=\"{&quot;2&quot;:4995,&quot;3&quot;:{&quot;1&quot;:0},&quot;4&quot;:{&quot;1&quot;:2,&quot;2&quot;:65280},&quot;10&quot;:2,&quot;11&quot;:0,&quot;12&quot;:0,&quot;15&quot;:&quot;Arial&quot;}\">Desafios t\u00e9cnicos e log\u00edsticos dos documentos nato digitais no Processo Legislativo</span></strong></td>\r\n<td><a title=\"\" href=\"https://engitec.interlegis.leg.br/engitec/edicoes/13-engitec/13o-arquivos/palestrantes/leandro-roberto-silva\" class=\"internal-link\" target=\"_self\"><span data-sheets-value=\"{&quot;1&quot;:2,&quot;2&quot;:&quot;\ud83d\udde3\ufe0f Leandro Roberto Silva (C\u00e2mara Municipal de Jata\u00ed/GO)&quot;}\" data-sheets-userformat=\"{&quot;2&quot;:4739,&quot;3&quot;:{&quot;1&quot;:0},&quot;4&quot;:{&quot;1&quot;:2,&quot;2&quot;:65280},&quot;10&quot;:2,&quot;12&quot;:0,&quot;15&quot;:&quot;Arial&quot;}\">Leandro Roberto Silva</span></a></td>\r\n<td><span data-sheets-value=\"{&quot;1&quot;:2,&quot;2&quot;:&quot;\ud83d\udde3\ufe0f Leandro Roberto Silva (C\u00e2mara Municipal de Jata\u00ed/GO)&quot;}\" data-sheets-userformat=\"{&quot;2&quot;:4739,&quot;3&quot;:{&quot;1&quot;:0},&quot;4&quot;:{&quot;1&quot;:2,&quot;2&quot;:65280},&quot;10&quot;:2,&quot;12&quot;:0,&quot;15&quot;:&quot;Arial&quot;}\">C\u00e2mara Municipal de Jata\u00ed/GO</span></td>\r\n<td><a class=\"fui-Link ___1idfs5o f3rmtva f1ewtqcl fyind8e f1k6fduh f1w7gpdv fk6fouc fjoy568 figsok6 f1hu3pq6 f11qmguv f19f4twv f1tyq0we f1g0x7ka fhxju0i f1qch9an f1cnd47f fqv5qza f1vmzxwi f1o700av f13mvf36 f1cmlufx f9n3di6 f1ids18y f1tx3yz7 f1deo86v f1eh06m1 f1iescvh ftqa4ok f2hkw1w fhgqx19 f1olyrje f1p93eir f1h8hb77 f1x7u7e9 f10aw75t fsle3fq f17ae5zn\" href=\"https://youtube.com/live/CpvRxR5LuRA?feature=share\" rel=\"noreferrer noopener\" target=\"_blank\" title=\"https://youtube.com/live/cpvrxr5lura?feature=share\">https://youtube.com/live/CpvRxR5LuRA?feature=share</a></td>\r\n</tr>\r\n<tr>\r\n<td>10:10</td>\r\n<td>10:20</td>\r\n<td><strong><span data-sheets-value=\"{&quot;1&quot;:2,&quot;2&quot;:&quot;10h10 - 10h20 : ORGANIZA\u00c7\u00c3O/DESORGANIZA\u00c7\u00c3O&quot;}\" data-sheets-userformat=\"{&quot;2&quot;:4995,&quot;3&quot;:{&quot;1&quot;:0},&quot;4&quot;:{&quot;1&quot;:2,&quot;2&quot;:16043212},&quot;10&quot;:2,&quot;11&quot;:0,&quot;12&quot;:0,&quot;15&quot;:&quot;Arial&quot;}\">ORGANIZA\u00c7\u00c3O/DESORGANIZA\u00c7\u00c3O</span></strong></td>\r\n<td>-----</td>\r\n<td>-----</td>\r\n<td>-----</td>\r\n</tr>\r\n<tr>\r\n<td>10:20</td>\r\n<td>11:00</td>\r\n<td><strong><span data-sheets-value=\"{&quot;1&quot;:2,&quot;2&quot;:&quot;\u2611\ufe0f O futuro do futuro do Legislativo - olhar humano&quot;}\" data-sheets-userformat=\"{&quot;2&quot;:4482,&quot;4&quot;:{&quot;1&quot;:2,&quot;2&quot;:65280},&quot;10&quot;:2,&quot;11&quot;:0,&quot;15&quot;:&quot;Arial&quot;}\">O futuro do Legislativo: olhar humano</span></strong></td>\r\n<td><span data-sheets-value=\"{&quot;1&quot;:2,&quot;2&quot;:&quot;Leonardo Augusto de Andrade Barbosa ()&quot;}\" data-sheets-userformat=\"{&quot;2&quot;:4995,&quot;3&quot;:{&quot;1&quot;:0},&quot;4&quot;:{&quot;1&quot;:2,&quot;2&quot;:65280},&quot;10&quot;:2,&quot;11&quot;:0,&quot;12&quot;:0,&quot;15&quot;:&quot;Arial&quot;}\"><a title=\"\" href=\"https://engitec.interlegis.leg.br/engitec/edicoes/13-engitec/13o-arquivos/palestrantes/leonardo-augusto-de-andrade-barbosa\" class=\"internal-link\" target=\"_self\">Leonardo Augusto de Andrade Barbosa<br /></a></span></td>\r\n<td>Diretor de Rela\u00e7\u00f5es Institucionais da Confedera\u00e7\u00e3o Nacional de Institui\u00e7\u00f5es Financeiras</td>\r\n<td><a class=\"fui-Link ___1idfs5o f3rmtva f1ewtqcl fyind8e f1k6fduh f1w7gpdv fk6fouc fjoy568 figsok6 f1hu3pq6 f11qmguv f19f4twv f1tyq0we f1g0x7ka fhxju0i f1qch9an f1cnd47f fqv5qza f1vmzxwi f1o700av f13mvf36 f1cmlufx f9n3di6 f1ids18y f1tx3yz7 f1deo86v f1eh06m1 f1iescvh ftqa4ok f2hkw1w fhgqx19 f1olyrje f1p93eir f1h8hb77 f1x7u7e9 f10aw75t fsle3fq f17ae5zn\" href=\"https://youtube.com/live/CpvRxR5LuRA?feature=share\" rel=\"noreferrer noopener\" target=\"_blank\" title=\"https://youtube.com/live/cpvrxr5lura?feature=share\">https://youtube.com/live/CpvRxR5LuRA?feature=share</a></td>\r\n</tr>\r\n<tr>\r\n<td>11:00</td>\r\n<td>11:10</td>\r\n<td><strong><span data-sheets-value=\"{&quot;1&quot;:2,&quot;2&quot;:&quot;11h - 11h10 : ORGANIZA\u00c7\u00c3O/DESORGANIZA\u00c7\u00c3O&quot;}\" data-sheets-userformat=\"{&quot;2&quot;:4995,&quot;3&quot;:{&quot;1&quot;:0},&quot;4&quot;:{&quot;1&quot;:2,&quot;2&quot;:16043212},&quot;10&quot;:2,&quot;11&quot;:0,&quot;12&quot;:0,&quot;15&quot;:&quot;Arial&quot;}\">ORGANIZA\u00c7\u00c3O/DESORGANIZA\u00c7\u00c3O</span></strong></td>\r\n<td>-----</td>\r\n<td>-----</td>\r\n<td>-----</td>\r\n</tr>\r\n<tr>\r\n<td>11:10</td>\r\n<td>12:00</td>\r\n<td><strong>Futuro da comunidade: um \"Tor\u00f3 de Parpite\" presencial e remoto<br /></strong></td>\r\n<td><a title=\"\" href=\"https://engitec.interlegis.leg.br/engitec/edicoes/13-engitec/13o-arquivos/palestrantes/joao-henrique-gouveia\" class=\"internal-link\" target=\"_self\">Jo\u00e3o Henrique Gouveia</a></td>\r\n<td>Senado Federal</td>\r\n<td><a class=\"fui-Link ___1idfs5o f3rmtva f1ewtqcl fyind8e f1k6fduh f1w7gpdv fk6fouc fjoy568 figsok6 f1hu3pq6 f11qmguv f19f4twv f1tyq0we f1g0x7ka fhxju0i f1qch9an f1cnd47f fqv5qza f1vmzxwi f1o700av f13mvf36 f1cmlufx f9n3di6 f1ids18y f1tx3yz7 f1deo86v f1eh06m1 f1iescvh ftqa4ok f2hkw1w fhgqx19 f1olyrje f1p93eir f1h8hb77 f1x7u7e9 f10aw75t fsle3fq f17ae5zn\" href=\"https://youtube.com/live/CpvRxR5LuRA?feature=share\" rel=\"noreferrer noopener\" target=\"_blank\" title=\"https://youtube.com/live/cpvrxr5lura?feature=share\">https://youtube.com/live/CpvRxR5LuRA?feature=share</a></td>\r\n</tr>\r\n<tr>\r\n<td>12:00</td>\r\n<td>13:30</td>\r\n<td><strong><span data-sheets-value=\"{&quot;1&quot;:2,&quot;2&quot;:&quot;12h - 13h30 : ALMO\u00c7O&quot;}\" data-sheets-userformat=\"{&quot;2&quot;:4482,&quot;4&quot;:{&quot;1&quot;:2,&quot;2&quot;:16773836},&quot;10&quot;:2,&quot;11&quot;:0,&quot;15&quot;:&quot;Arial&quot;}\">ALMO\u00c7O</span></strong></td>\r\n<td>-----</td>\r\n<td>-----</td>\r\n<td>-----</td>\r\n</tr>\r\n<tr>\r\n<td>13:30</td>\r\n<td>14:00</td>\r\n<td><strong><span data-sheets-value=\"{&quot;1&quot;:2,&quot;2&quot;:&quot;13h30 - 14h : ORGANIZA\u00c7\u00c3O/DESORGANIZA\u00c7\u00c3O&quot;}\" data-sheets-userformat=\"{&quot;2&quot;:4995,&quot;3&quot;:{&quot;1&quot;:0},&quot;4&quot;:{&quot;1&quot;:2,&quot;2&quot;:16043212},&quot;10&quot;:2,&quot;11&quot;:0,&quot;12&quot;:0,&quot;15&quot;:&quot;Arial&quot;}\">ORGANIZA\u00c7\u00c3O/DESORGANIZA\u00c7\u00c3O</span></strong></td>\r\n<td>-----</td>\r\n<td>-----</td>\r\n<td>-----</td>\r\n</tr>\r\n<tr>\r\n<td>14:00</td>\r\n<td>14:40</td>\r\n<td><strong>Comunica\u00e7\u00e3o digital na esfera p\u00fablica<br /></strong></td>\r\n<td><a title=\"\" href=\"https://engitec.interlegis.leg.br/engitec/edicoes/13-engitec/13o-arquivos/palestrantes/tadeu-sposito\" class=\"internal-link\" target=\"_self\"><span data-sheets-value=\"{&quot;1&quot;:2,&quot;2&quot;:&quot;\ud83d\udde3\ufe0f Tadeu Sposito (Senado Federal)&quot;}\" data-sheets-userformat=\"{&quot;2&quot;:4995,&quot;3&quot;:{&quot;1&quot;:0},&quot;4&quot;:{&quot;1&quot;:2,&quot;2&quot;:65280},&quot;10&quot;:2,&quot;11&quot;:0,&quot;12&quot;:0,&quot;15&quot;:&quot;Arial&quot;}\">Tadeu Sposito<br /></span></a></td>\r\n<td><span data-sheets-value=\"{&quot;1&quot;:2,&quot;2&quot;:&quot;\ud83d\udde3\ufe0f Tadeu Sposito (Senado Federal)&quot;}\" data-sheets-userformat=\"{&quot;2&quot;:4995,&quot;3&quot;:{&quot;1&quot;:0},&quot;4&quot;:{&quot;1&quot;:2,&quot;2&quot;:65280},&quot;10&quot;:2,&quot;11&quot;:0,&quot;12&quot;:0,&quot;15&quot;:&quot;Arial&quot;}\">Senado Federal</span></td>\r\n<td><a class=\"fui-Link ___1idfs5o f3rmtva f1ewtqcl fyind8e f1k6fduh f1w7gpdv fk6fouc fjoy568 figsok6 f1hu3pq6 f11qmguv f19f4twv f1tyq0we f1g0x7ka fhxju0i f1qch9an f1cnd47f fqv5qza f1vmzxwi f1o700av f13mvf36 f1cmlufx f9n3di6 f1ids18y f1tx3yz7 f1deo86v f1eh06m1 f1iescvh ftqa4ok f2hkw1w fhgqx19 f1olyrje f1p93eir f1h8hb77 f1x7u7e9 f10aw75t fsle3fq f17ae5zn\" href=\"https://youtube.com/live/Ai7zw7VAfVE?feature=share\" rel=\"noreferrer noopener\" target=\"_blank\" title=\"https://youtube.com/live/ai7zw7vafve?feature=share\">https://youtube.com/live/Ai7zw7VAfVE?feature=share</a></td>\r\n</tr>\r\n<tr>\r\n<td>14:40</td>\r\n<td>14:50</td>\r\n<td><strong><span data-sheets-value=\"{&quot;1&quot;:2,&quot;2&quot;:&quot;\u2611\ufe0f Marketing digital na comunica\u00e7\u00e3o p\u00fablica&quot;}\" data-sheets-userformat=\"{&quot;2&quot;:4995,&quot;3&quot;:{&quot;1&quot;:0},&quot;4&quot;:{&quot;1&quot;:2,&quot;2&quot;:65280},&quot;10&quot;:2,&quot;11&quot;:0,&quot;12&quot;:0,&quot;15&quot;:&quot;Arial&quot;}\"><span data-sheets-value=\"{&quot;1&quot;:2,&quot;2&quot;:&quot;14h40 - 15h : ORGANIZA\u00c7\u00c3O/DESORGANIZA\u00c7\u00c3O&quot;}\" data-sheets-userformat=\"{&quot;2&quot;:4995,&quot;3&quot;:{&quot;1&quot;:0},&quot;4&quot;:{&quot;1&quot;:2,&quot;2&quot;:16043212},&quot;10&quot;:2,&quot;11&quot;:0,&quot;12&quot;:0,&quot;15&quot;:&quot;Arial&quot;}\">ORGANIZA\u00c7\u00c3O/DESORGANIZA\u00c7\u00c3O</span></span></strong></td>\r\n<td>-----<span data-sheets-value=\"{&quot;1&quot;:2,&quot;2&quot;:&quot;\ud83d\udde3\ufe0f Tadeu Sposito (Senado Federal)&quot;}\" data-sheets-userformat=\"{&quot;2&quot;:4995,&quot;3&quot;:{&quot;1&quot;:0},&quot;4&quot;:{&quot;1&quot;:2,&quot;2&quot;:65280},&quot;10&quot;:2,&quot;11&quot;:0,&quot;12&quot;:0,&quot;15&quot;:&quot;Arial&quot;}\"></span></td>\r\n<td>-----<span data-sheets-value=\"{&quot;1&quot;:2,&quot;2&quot;:&quot;\ud83d\udde3\ufe0f Tadeu Sposito (Senado Federal)&quot;}\" data-sheets-userformat=\"{&quot;2&quot;:4995,&quot;3&quot;:{&quot;1&quot;:0},&quot;4&quot;:{&quot;1&quot;:2,&quot;2&quot;:65280},&quot;10&quot;:2,&quot;11&quot;:0,&quot;12&quot;:0,&quot;15&quot;:&quot;Arial&quot;}\"></span></td>\r\n<td>-----</td>\r\n</tr>\r\n<tr>\r\n<td>14:50</td>\r\n<td>15:30</td>\r\n<td><strong><span data-sheets-value=\"{&quot;1&quot;:2,&quot;2&quot;:&quot;\u2611\ufe0f Experi\u00eancia e intera\u00e7\u00e3o de Gun\u00e9-Bissau com a comunidade GITEC&quot;}\" data-sheets-userformat=\"{&quot;2&quot;:4995,&quot;3&quot;:{&quot;1&quot;:0},&quot;4&quot;:{&quot;1&quot;:2,&quot;2&quot;:65280},&quot;10&quot;:2,&quot;11&quot;:0,&quot;12&quot;:0,&quot;15&quot;:&quot;Arial&quot;}\"><strong><span data-sheets-value=\"{&quot;1&quot;:2,&quot;2&quot;:&quot;NOITE : INTERA\u00c7\u00c3O&quot;}\" data-sheets-userformat=\"{&quot;2&quot;:4482,&quot;4&quot;:{&quot;1&quot;:2,&quot;2&quot;:16043212},&quot;10&quot;:2,&quot;11&quot;:0,&quot;15&quot;:&quot;Arial&quot;}\">Rumo ao Parlamento do Futuro utilizando Tecnologia aliada \u00e0 Gest\u00e3o</span></strong></span></strong></td>\r\n<td><a title=\"\" href=\"https://engitec.interlegis.leg.br/engitec/edicoes/13-engitec/13o-arquivos/palestrantes/ericsson-cantao\" class=\"internal-link\" target=\"_self\"><span data-sheets-value=\"{&quot;1&quot;:2,&quot;2&quot;:&quot;\ud83d\udde3\ufe0f Mario Gustavo Batic\u00e3 Ferreira e  Jos\u00e9 Carlos Rodrigues da Fonseca (Representantes do Parlamento de Guin\u00e9-Bissau)&quot;}\" data-sheets-userformat=\"{&quot;2&quot;:4995,&quot;3&quot;:{&quot;1&quot;:0},&quot;4&quot;:{&quot;1&quot;:2,&quot;2&quot;:65280},&quot;10&quot;:2,&quot;11&quot;:0,&quot;12&quot;:0,&quot;15&quot;:&quot;Arial&quot;}\">Ericsson Cant\u00e3o</span></a></td>\r\n<td>Brisk PPM</td>\r\n<td><a class=\"fui-Link ___1idfs5o f3rmtva f1ewtqcl fyind8e f1k6fduh f1w7gpdv fk6fouc fjoy568 figsok6 f1hu3pq6 f11qmguv f19f4twv f1tyq0we f1g0x7ka fhxju0i f1qch9an f1cnd47f fqv5qza f1vmzxwi f1o700av f13mvf36 f1cmlufx f9n3di6 f1ids18y f1tx3yz7 f1deo86v f1eh06m1 f1iescvh ftqa4ok f2hkw1w fhgqx19 f1olyrje f1p93eir f1h8hb77 f1x7u7e9 f10aw75t fsle3fq f17ae5zn\" href=\"https://youtube.com/live/Ai7zw7VAfVE?feature=share\" rel=\"noreferrer noopener\" target=\"_blank\" title=\"https://youtube.com/live/ai7zw7vafve?feature=share\">https://youtube.com/live/Ai7zw7VAfVE?feature=share</a></td>\r\n</tr>\r\n<tr>\r\n<td>15:30</td>\r\n<td>16:10</td>\r\n<td><span data-sheets-value=\"{&quot;1&quot;:2,&quot;2&quot;:&quot;15h20 - 15h30 : ORGANIZA\u00c7\u00c3O/DESORGANIZA\u00c7\u00c3O&quot;}\" data-sheets-userformat=\"{&quot;2&quot;:4995,&quot;3&quot;:{&quot;1&quot;:0},&quot;4&quot;:{&quot;1&quot;:2,&quot;2&quot;:16043212},&quot;10&quot;:2,&quot;11&quot;:0,&quot;12&quot;:0,&quot;15&quot;:&quot;Arial&quot;}\"><span data-sheets-value=\"{&quot;1&quot;:2,&quot;2&quot;:&quot;15h30 - 16h10 : PALESTRA&quot;}\" data-sheets-userformat=\"{&quot;2&quot;:4995,&quot;3&quot;:{&quot;1&quot;:0},&quot;4&quot;:{&quot;1&quot;:2,&quot;2&quot;:65280},&quot;10&quot;:2,&quot;11&quot;:0,&quot;12&quot;:0,&quot;15&quot;:&quot;Arial&quot;}\"><strong><em>Power Skills</em> da Lideran\u00e7a: como utilizar esses super poderes<br /></strong></span></span></td>\r\n<td><a title=\"\" href=\"https://engitec.interlegis.leg.br/engitec/edicoes/13-engitec/13o-arquivos/palestrantes/amanda-machado\" class=\"internal-link\" target=\"_self\">Amanda Machado</a></td>\r\n<td>ENAP</td>\r\n<td><a class=\"fui-Link ___1idfs5o f3rmtva f1ewtqcl fyind8e f1k6fduh f1w7gpdv fk6fouc fjoy568 figsok6 f1hu3pq6 f11qmguv f19f4twv f1tyq0we f1g0x7ka fhxju0i f1qch9an f1cnd47f fqv5qza f1vmzxwi f1o700av f13mvf36 f1cmlufx f9n3di6 f1ids18y f1tx3yz7 f1deo86v f1eh06m1 f1iescvh ftqa4ok f2hkw1w fhgqx19 f1olyrje f1p93eir f1h8hb77 f1x7u7e9 f10aw75t fsle3fq f17ae5zn\" href=\"https://youtube.com/live/Ai7zw7VAfVE?feature=share\" rel=\"noreferrer noopener\" target=\"_blank\" title=\"https://youtube.com/live/ai7zw7vafve?feature=share\">https://youtube.com/live/Ai7zw7VAfVE?feature=share</a></td>\r\n</tr>\r\n<tr>\r\n<td>16:10</td>\r\n<td>16:20</td>\r\n<td><strong><span data-sheets-value=\"{&quot;1&quot;:2,&quot;2&quot;:&quot;16h10 - 16h20 : ORGANIZA\u00c7\u00c3O/DESORGANIZA\u00c7\u00c3O&quot;}\" data-sheets-userformat=\"{&quot;2&quot;:4995,&quot;3&quot;:{&quot;1&quot;:0},&quot;4&quot;:{&quot;1&quot;:2,&quot;2&quot;:16043212},&quot;10&quot;:2,&quot;11&quot;:0,&quot;12&quot;:0,&quot;15&quot;:&quot;Arial&quot;}\">ORGANIZA\u00c7\u00c3O/DESORGANIZA\u00c7\u00c3O</span></strong></td>\r\n<td>-----</td>\r\n<td>-----</td>\r\n<td>-----</td>\r\n</tr>\r\n<tr>\r\n<td>16:20</td>\r\n<td>17:00</td>\r\n<td><strong>Acessibilidade digital na pr\u00e1tica</strong></td>\r\n<td><span data-sheets-value=\"{&quot;1&quot;:2,&quot;2&quot;:&quot;\ud83d\udde3\ufe0f Alison Ferreira dos Santos Cruz (Stefanini)&quot;}\" data-sheets-userformat=\"{&quot;2&quot;:4739,&quot;3&quot;:{&quot;1&quot;:0},&quot;4&quot;:{&quot;1&quot;:2,&quot;2&quot;:65280},&quot;10&quot;:2,&quot;12&quot;:0,&quot;15&quot;:&quot;Arial&quot;}\"><a title=\"\" href=\"https://engitec.interlegis.leg.br/engitec/edicoes/13-engitec/13o-arquivos/palestrantes/alison-ferreira\" class=\"internal-link\" target=\"_self\">Alison Ferreira dos Santos Cruz<br /></a></span></td>\r\n<td><span data-sheets-value=\"{&quot;1&quot;:2,&quot;2&quot;:&quot;\ud83d\udde3\ufe0f Alison Ferreira dos Santos Cruz (Stefanini)&quot;}\" data-sheets-userformat=\"{&quot;2&quot;:4739,&quot;3&quot;:{&quot;1&quot;:0},&quot;4&quot;:{&quot;1&quot;:2,&quot;2&quot;:65280},&quot;10&quot;:2,&quot;12&quot;:0,&quot;15&quot;:&quot;Arial&quot;}\">Stefanini</span></td>\r\n<td><a class=\"fui-Link ___1idfs5o f3rmtva f1ewtqcl fyind8e f1k6fduh f1w7gpdv fk6fouc fjoy568 figsok6 f1hu3pq6 f11qmguv f19f4twv f1tyq0we f1g0x7ka fhxju0i f1qch9an f1cnd47f fqv5qza f1vmzxwi f1o700av f13mvf36 f1cmlufx f9n3di6 f1ids18y f1tx3yz7 f1deo86v f1eh06m1 f1iescvh ftqa4ok f2hkw1w fhgqx19 f1olyrje f1p93eir f1h8hb77 f1x7u7e9 f10aw75t fsle3fq f17ae5zn\" href=\"https://youtube.com/live/Ai7zw7VAfVE?feature=share\" rel=\"noreferrer noopener\" target=\"_blank\" title=\"https://youtube.com/live/ai7zw7vafve?feature=share\">https://youtube.com/live/Ai7zw7VAfVE?feature=share</a></td>\r\n</tr>\r\n<tr>\r\n<td>17:00</td>\r\n<td>17:10</td>\r\n<td><strong><span data-sheets-value=\"{&quot;1&quot;:2,&quot;2&quot;:&quot;16h20 - 17h : PALESTRA&quot;}\" data-sheets-userformat=\"{&quot;2&quot;:4995,&quot;3&quot;:{&quot;1&quot;:0},&quot;4&quot;:{&quot;1&quot;:2,&quot;2&quot;:65280},&quot;10&quot;:2,&quot;11&quot;:0,&quot;12&quot;:0,&quot;15&quot;:&quot;Arial&quot;}\"><span data-sheets-value=\"{&quot;1&quot;:2,&quot;2&quot;:&quot;17h - 17h10 : ORGANIZA\u00c7\u00c3O/DESORGANIZA\u00c7\u00c3O&quot;}\" data-sheets-userformat=\"{&quot;2&quot;:4995,&quot;3&quot;:{&quot;1&quot;:0},&quot;4&quot;:{&quot;1&quot;:2,&quot;2&quot;:16043212},&quot;10&quot;:2,&quot;11&quot;:0,&quot;12&quot;:0,&quot;15&quot;:&quot;Arial&quot;}\">ORGANIZA\u00c7\u00c3O/DESORGANIZA\u00c7\u00c3O</span></span></strong></td>\r\n<td>-----</td>\r\n<td>-----</td>\r\n<td>-----</td>\r\n</tr>\r\n<tr>\r\n<td>17:10</td>\r\n<td>17:50</td>\r\n<td><strong>Hora da comunidade</strong></td>\r\n<td>Comunidade</td>\r\n<td></td>\r\n<td><a class=\"fui-Link ___1idfs5o f3rmtva f1ewtqcl fyind8e f1k6fduh f1w7gpdv fk6fouc fjoy568 figsok6 f1hu3pq6 f11qmguv f19f4twv f1tyq0we f1g0x7ka fhxju0i f1qch9an f1cnd47f fqv5qza f1vmzxwi f1o700av f13mvf36 f1cmlufx f9n3di6 f1ids18y f1tx3yz7 f1deo86v f1eh06m1 f1iescvh ftqa4ok f2hkw1w fhgqx19 f1olyrje f1p93eir f1h8hb77 f1x7u7e9 f10aw75t fsle3fq f17ae5zn\" href=\"https://youtube.com/live/Ai7zw7VAfVE?feature=share\" rel=\"noreferrer noopener\" target=\"_blank\" title=\"https://youtube.com/live/ai7zw7vafve?feature=share\">https://youtube.com/live/Ai7zw7VAfVE?feature=share</a></td>\r\n</tr>\r\n<tr>\r\n<td></td>\r\n<td></td>\r\n<td><strong><span data-sheets-value=\"{&quot;1&quot;:2,&quot;2&quot;:&quot;NOITE : INTERA\u00c7\u00c3O&quot;}\" data-sheets-userformat=\"{&quot;2&quot;:4482,&quot;4&quot;:{&quot;1&quot;:2,&quot;2&quot;:16043212},&quot;10&quot;:2,&quot;11&quot;:0,&quot;15&quot;:&quot;Arial&quot;}\">NOITE : INTERA\u00c7\u00c3O</span></strong></td>\r\n<td>-----</td>\r\n<td>-----</td>\r\n<td>-----</td>\r\n</tr>\r\n</tbody>\r\n</table>\r\n<p>\u00a0</p>\r\n<p><strong>23/06/2023 - Sexta-feira</strong></p>\r\n<table class=\"plain\">\r\n<tbody>\r\n<tr>\r\n<td><strong>In\u00edcio</strong></td>\r\n<td><strong>Fim</strong></td>\r\n<td><strong>Tema</strong></td>\r\n<td><strong>Palestrante</strong></td>\r\n<td><strong>Institui\u00e7\u00e3o</strong></td>\r\n<td><strong>Link para transmiss\u00e3o<br /></strong></td>\r\n</tr>\r\n<tr>\r\n<td>09:00</td>\r\n<td>09:30</td>\r\n<td><strong><span data-sheets-value=\"{&quot;1&quot;:2,&quot;2&quot;:&quot;16h20 - 17h : PALESTRA&quot;}\" data-sheets-userformat=\"{&quot;2&quot;:4995,&quot;3&quot;:{&quot;1&quot;:0},&quot;4&quot;:{&quot;1&quot;:2,&quot;2&quot;:65280},&quot;10&quot;:2,&quot;11&quot;:0,&quot;12&quot;:0,&quot;15&quot;:&quot;Arial&quot;}\"><span data-sheets-value=\"{&quot;1&quot;:2,&quot;2&quot;:&quot;17h - 17h10 : ORGANIZA\u00c7\u00c3O/DESORGANIZA\u00c7\u00c3O&quot;}\" data-sheets-userformat=\"{&quot;2&quot;:4995,&quot;3&quot;:{&quot;1&quot;:0},&quot;4&quot;:{&quot;1&quot;:2,&quot;2&quot;:16043212},&quot;10&quot;:2,&quot;11&quot;:0,&quot;12&quot;:0,&quot;15&quot;:&quot;Arial&quot;}\">ORGANIZA\u00c7\u00c3O/DESORGANIZA\u00c7\u00c3O</span></span></strong></td>\r\n<td>-----</td>\r\n<td>-----</td>\r\n<td></td>\r\n</tr>\r\n<tr>\r\n<td>09:30</td>\r\n<td>09:50</td>\r\n<td><span data-sheets-value=\"{&quot;1&quot;:2,&quot;2&quot;:&quot;\u2611\ufe0f Mesa Redonda Interlegis&quot;}\" data-sheets-userformat=\"{&quot;2&quot;:4995,&quot;3&quot;:{&quot;1&quot;:0},&quot;4&quot;:{&quot;1&quot;:2,&quot;2&quot;:65280},&quot;10&quot;:2,&quot;11&quot;:0,&quot;12&quot;:0,&quot;15&quot;:&quot;Arial&quot;}\"><strong><strong><span data-sheets-value=\"{&quot;1&quot;:2,&quot;2&quot;:&quot;\u2611\ufe0f SAPL: com dicas, truques, boas pr\u00e1ticas e m\u00e1s praticas&quot;}\" data-sheets-userformat=\"{&quot;2&quot;:4995,&quot;3&quot;:{&quot;1&quot;:0},&quot;4&quot;:{&quot;1&quot;:2,&quot;2&quot;:65280},&quot;10&quot;:2,&quot;11&quot;:0,&quot;12&quot;:0,&quot;15&quot;:&quot;Arial&quot;}\">SAPL: com dicas, truques, boas pr\u00e1ticas e m\u00e1s praticas</span></strong></strong><br /></span></td>\r\n<td><a title=\"\" href=\"https://engitec.interlegis.leg.br/engitec/edicoes/13-engitec/13o-arquivos/palestrantes/adalberto-alves-de-oliveira\" class=\"internal-link\" target=\"_self\">Adalberto</a></td>\r\n<td><span data-sheets-value=\"{&quot;1&quot;:2,&quot;2&quot;:&quot;Leonardo Augusto de Andrade Barbosa ()&quot;}\" data-sheets-userformat=\"{&quot;2&quot;:4995,&quot;3&quot;:{&quot;1&quot;:0},&quot;4&quot;:{&quot;1&quot;:2,&quot;2&quot;:65280},&quot;10&quot;:2,&quot;11&quot;:0,&quot;12&quot;:0,&quot;15&quot;:&quot;Arial&quot;}\"><span data-sheets-value=\"{&quot;1&quot;:2,&quot;2&quot;:&quot;\ud83d\udde3\ufe0f Edward Ribeiro (Senado Federal)&quot;}\" data-sheets-userformat=\"{&quot;2&quot;:4995,&quot;3&quot;:{&quot;1&quot;:0},&quot;4&quot;:{&quot;1&quot;:2,&quot;2&quot;:65280},&quot;10&quot;:2,&quot;11&quot;:0,&quot;12&quot;:0,&quot;15&quot;:&quot;Arial&quot;}\">Senado Federal</span></span></td>\r\n<td><a class=\"fui-Link ___1idfs5o f3rmtva f1ewtqcl fyind8e f1k6fduh f1w7gpdv fk6fouc fjoy568 figsok6 f1hu3pq6 f11qmguv f19f4twv f1tyq0we f1g0x7ka fhxju0i f1qch9an f1cnd47f fqv5qza f1vmzxwi f1o700av f13mvf36 f1cmlufx f9n3di6 f1ids18y f1tx3yz7 f1deo86v f1eh06m1 f1iescvh ftqa4ok f2hkw1w fhgqx19 f1olyrje f1p93eir f1h8hb77 f1x7u7e9 f10aw75t fsle3fq f17ae5zn\" href=\"https://youtube.com/live/1a-Q0Nox-34?feature=share\" rel=\"noreferrer noopener\" target=\"_blank\" title=\"https://youtube.com/live/1a-q0nox-34?feature=share\">https://youtube.com/live/1a-Q0Nox-34?feature=share</a></td>\r\n</tr>\r\n<tr>\r\n<td>09:50</td>\r\n<td>10:10</td>\r\n<td><span data-sheets-value=\"{&quot;1&quot;:2,&quot;2&quot;:&quot;\u2611\ufe0f Mesa Redonda Interlegis&quot;}\" data-sheets-userformat=\"{&quot;2&quot;:4995,&quot;3&quot;:{&quot;1&quot;:0},&quot;4&quot;:{&quot;1&quot;:2,&quot;2&quot;:65280},&quot;10&quot;:2,&quot;11&quot;:0,&quot;12&quot;:0,&quot;15&quot;:&quot;Arial&quot;}\"><strong>SAPL - um sistema completo na C\u00e2mara Municipal de Pato Branco</strong></span></td>\r\n<td><a title=\"\" href=\"https://engitec.interlegis.leg.br/engitec/edicoes/13-engitec/13o-arquivos/palestrantes/eliana-scariot-amorim\" class=\"internal-link\" target=\"_self\">Eliana Scariot Amorim</a> e <a title=\"\" href=\"https://engitec.interlegis.leg.br/engitec/edicoes/13-engitec/13o-arquivos/palestrantes/gean-geronimo-dranka\" class=\"internal-link\" target=\"_self\">Gean Geronimo Dranka</a></td>\r\n<td>C\u00e2mara Municipal de Pato Branco/PR</td>\r\n<td><a class=\"fui-Link ___1idfs5o f3rmtva f1ewtqcl fyind8e f1k6fduh f1w7gpdv fk6fouc fjoy568 figsok6 f1hu3pq6 f11qmguv f19f4twv f1tyq0we f1g0x7ka fhxju0i f1qch9an f1cnd47f fqv5qza f1vmzxwi f1o700av f13mvf36 f1cmlufx f9n3di6 f1ids18y f1tx3yz7 f1deo86v f1eh06m1 f1iescvh ftqa4ok f2hkw1w fhgqx19 f1olyrje f1p93eir f1h8hb77 f1x7u7e9 f10aw75t fsle3fq f17ae5zn\" href=\"https://youtube.com/live/1a-Q0Nox-34?feature=share\" rel=\"noreferrer noopener\" target=\"_blank\" title=\"https://youtube.com/live/1a-q0nox-34?feature=share\">https://youtube.com/live/1a-Q0Nox-34?feature=share</a></td>\r\n</tr>\r\n<tr>\r\n<td>10:10</td>\r\n<td>10:40</td>\r\n<td><span data-sheets-value=\"{&quot;1&quot;:2,&quot;2&quot;:&quot;\u2611\ufe0f Mesa Redonda Interlegis&quot;}\" data-sheets-userformat=\"{&quot;2&quot;:4995,&quot;3&quot;:{&quot;1&quot;:0},&quot;4&quot;:{&quot;1&quot;:2,&quot;2&quot;:65280},&quot;10&quot;:2,&quot;11&quot;:0,&quot;12&quot;:0,&quot;15&quot;:&quot;Arial&quot;}\"><strong>Equipe de TI da ALRN e o Legis V\u00eddeo<br /></strong></span></td>\r\n<td><a title=\"\" href=\"https://engitec.interlegis.leg.br/engitec/edicoes/13-engitec/13o-arquivos/palestrantes/mario-sergio-de-oliveira-gurgel\" class=\"internal-link\" target=\"_self\">Mario Sergio de Oliveira Gurgel</a></td>\r\n<td>Assembleia do Rio Grande do Norte/RN</td>\r\n<td><a class=\"fui-Link ___1idfs5o f3rmtva f1ewtqcl fyind8e f1k6fduh f1w7gpdv fk6fouc fjoy568 figsok6 f1hu3pq6 f11qmguv f19f4twv f1tyq0we f1g0x7ka fhxju0i f1qch9an f1cnd47f fqv5qza f1vmzxwi f1o700av f13mvf36 f1cmlufx f9n3di6 f1ids18y f1tx3yz7 f1deo86v f1eh06m1 f1iescvh ftqa4ok f2hkw1w fhgqx19 f1olyrje f1p93eir f1h8hb77 f1x7u7e9 f10aw75t fsle3fq f17ae5zn\" href=\"https://youtube.com/live/1a-Q0Nox-34?feature=share\" rel=\"noreferrer noopener\" target=\"_blank\" title=\"https://youtube.com/live/1a-q0nox-34?feature=share\">https://youtube.com/live/1a-Q0Nox-34?feature=share</a></td>\r\n</tr>\r\n<tr>\r\n<td>10:40</td>\r\n<td>11:10</td>\r\n<td><strong><span data-sheets-value=\"{&quot;1&quot;:2,&quot;2&quot;:&quot;\u2611\ufe0f C\u00e2mara 4.0 - Como imaginar o Legislativo do Futuro, diante das novas tecnologias - um ensaio de como temos dispon\u00edveis, e n\u00e3o usamos, as principais ferramentas tecnol\u00f3gicas \u00e0 disposi\u00e7\u00e3o dos Legislativos municipais&quot;}\" data-sheets-userformat=\"{&quot;2&quot;:4482,&quot;4&quot;:{&quot;1&quot;:2,&quot;2&quot;:65280},&quot;10&quot;:2,&quot;11&quot;:0,&quot;15&quot;:&quot;Arial&quot;}\">C\u00e2mara 4.0 - Como imaginar o Legislativo do Futuro, diante das novas tecnologias - um ensaio de como temos dispon\u00edveis, e n\u00e3o usamos, as principais ferramentas tecnol\u00f3gicas \u00e0 disposi\u00e7\u00e3o dos Legislativos municipais</span></strong></td>\r\n<td><a title=\"\" href=\"https://engitec.interlegis.leg.br/engitec/edicoes/13-engitec/13o-arquivos/palestrantes/vereador-cezare-pastorello\" class=\"internal-link\" target=\"_self\"><span data-sheets-value=\"{&quot;1&quot;:2,&quot;2&quot;:&quot;\ud83d\udde3\ufe0f Vereador Cezare Pastorello (C\u00e2mara Municipal de C\u00e1ceres/MT)&quot;}\" data-sheets-userformat=\"{&quot;2&quot;:515,&quot;3&quot;:{&quot;1&quot;:0},&quot;4&quot;:{&quot;1&quot;:2,&quot;2&quot;:65280},&quot;12&quot;:0}\">Vereador Cezare Pastorello<br /></span></a></td>\r\n<td><span data-sheets-value=\"{&quot;1&quot;:2,&quot;2&quot;:&quot;\ud83d\udde3\ufe0f Vereador Cezare Pastorello (C\u00e2mara Municipal de C\u00e1ceres/MT)&quot;}\" data-sheets-userformat=\"{&quot;2&quot;:515,&quot;3&quot;:{&quot;1&quot;:0},&quot;4&quot;:{&quot;1&quot;:2,&quot;2&quot;:65280},&quot;12&quot;:0}\">C\u00e2mara Municipal de C\u00e1ceres/MT</span></td>\r\n<td><a class=\"fui-Link ___1idfs5o f3rmtva f1ewtqcl fyind8e f1k6fduh f1w7gpdv fk6fouc fjoy568 figsok6 f1hu3pq6 f11qmguv f19f4twv f1tyq0we f1g0x7ka fhxju0i f1qch9an f1cnd47f fqv5qza f1vmzxwi f1o700av f13mvf36 f1cmlufx f9n3di6 f1ids18y f1tx3yz7 f1deo86v f1eh06m1 f1iescvh ftqa4ok f2hkw1w fhgqx19 f1olyrje f1p93eir f1h8hb77 f1x7u7e9 f10aw75t fsle3fq f17ae5zn\" href=\"https://youtube.com/live/1a-Q0Nox-34?feature=share\" rel=\"noreferrer noopener\" target=\"_blank\" title=\"https://youtube.com/live/1a-q0nox-34?feature=share\">https://youtube.com/live/1a-Q0Nox-34?feature=share</a></td>\r\n</tr>\r\n<tr>\r\n<td>11:10</td>\r\n<td>11:40</td>\r\n<td><strong><span data-sheets-value=\"{&quot;1&quot;:2,&quot;2&quot;:&quot;11h50 - 12h : ORGANIZA\u00c7\u00c3O/DESORGANIZA\u00c7\u00c3O&quot;}\" data-sheets-userformat=\"{&quot;2&quot;:4995,&quot;3&quot;:{&quot;1&quot;:0},&quot;4&quot;:{&quot;1&quot;:2,&quot;2&quot;:16043212},&quot;10&quot;:2,&quot;11&quot;:0,&quot;12&quot;:0,&quot;15&quot;:&quot;Arial&quot;}\">A experi\u00eancia na implanta\u00e7\u00e3o de ferramentas para aproxima\u00e7\u00e3o do cidad\u00e3o com o Legislativo e os novos desafios</span></strong></td>\r\n<td><a title=\"\" href=\"https://engitec.interlegis.leg.br/engitec/edicoes/13-engitec/13o-arquivos/palestrantes/celio-guimaraes\" class=\"internal-link\" target=\"_self\">Vereador C\u00e9lio Guimar\u00e3es</a></td>\r\n<td>C\u00e2mara Municipal de Lapa/PR</td>\r\n<td><a class=\"fui-Link ___1idfs5o f3rmtva f1ewtqcl fyind8e f1k6fduh f1w7gpdv fk6fouc fjoy568 figsok6 f1hu3pq6 f11qmguv f19f4twv f1tyq0we f1g0x7ka fhxju0i f1qch9an f1cnd47f fqv5qza f1vmzxwi f1o700av f13mvf36 f1cmlufx f9n3di6 f1ids18y f1tx3yz7 f1deo86v f1eh06m1 f1iescvh ftqa4ok f2hkw1w fhgqx19 f1olyrje f1p93eir f1h8hb77 f1x7u7e9 f10aw75t fsle3fq f17ae5zn\" href=\"https://youtube.com/live/1a-Q0Nox-34?feature=share\" rel=\"noreferrer noopener\" target=\"_blank\" title=\"https://youtube.com/live/1a-q0nox-34?feature=share\">https://youtube.com/live/1a-Q0Nox-34?feature=share</a></td>\r\n</tr>\r\n<tr>\r\n<td>11:40</td>\r\n<td>12:00</td>\r\n<td><strong><span data-sheets-value=\"{&quot;1&quot;:2,&quot;2&quot;:&quot;16h20 - 17h : PALESTRA&quot;}\" data-sheets-userformat=\"{&quot;2&quot;:4995,&quot;3&quot;:{&quot;1&quot;:0},&quot;4&quot;:{&quot;1&quot;:2,&quot;2&quot;:65280},&quot;10&quot;:2,&quot;11&quot;:0,&quot;12&quot;:0,&quot;15&quot;:&quot;Arial&quot;}\"><span data-sheets-value=\"{&quot;1&quot;:2,&quot;2&quot;:&quot;17h - 17h10 : ORGANIZA\u00c7\u00c3O/DESORGANIZA\u00c7\u00c3O&quot;}\" data-sheets-userformat=\"{&quot;2&quot;:4995,&quot;3&quot;:{&quot;1&quot;:0},&quot;4&quot;:{&quot;1&quot;:2,&quot;2&quot;:16043212},&quot;10&quot;:2,&quot;11&quot;:0,&quot;12&quot;:0,&quot;15&quot;:&quot;Arial&quot;}\">Momento UVB</span></span></strong></td>\r\n<td><a title=\"\" href=\"https://engitec.interlegis.leg.br/engitec/edicoes/13-engitec/13o-arquivos/palestrantes/thaina-leite\" class=\"internal-link\" target=\"_self\">Thain\u00e1 Leite</a> e <a title=\"\" href=\"https://engitec.interlegis.leg.br/engitec/edicoes/13-engitec/13o-arquivos/palestrantes/alexandre-gassen\" class=\"internal-link\" target=\"_self\">Alexandre Gassen</a></td>\r\n<td>\r\n<p>UVB</p>\r\n</td>\r\n<td><a class=\"fui-Link ___1idfs5o f3rmtva f1ewtqcl fyind8e f1k6fduh f1w7gpdv fk6fouc fjoy568 figsok6 f1hu3pq6 f11qmguv f19f4twv f1tyq0we f1g0x7ka fhxju0i f1qch9an f1cnd47f fqv5qza f1vmzxwi f1o700av f13mvf36 f1cmlufx f9n3di6 f1ids18y f1tx3yz7 f1deo86v f1eh06m1 f1iescvh ftqa4ok f2hkw1w fhgqx19 f1olyrje f1p93eir f1h8hb77 f1x7u7e9 f10aw75t fsle3fq f17ae5zn\" href=\"https://youtube.com/live/1a-Q0Nox-34?feature=share\" rel=\"noreferrer noopener\" target=\"_blank\" title=\"https://youtube.com/live/1a-q0nox-34?feature=share\">https://youtube.com/live/1a-Q0Nox-34?feature=share</a></td>\r\n</tr>\r\n<tr>\r\n<td>12:00</td>\r\n<td>12:20</td>\r\n<td><strong><span data-sheets-value=\"{&quot;1&quot;:2,&quot;2&quot;:&quot;16h20 - 17h : PALESTRA&quot;}\" data-sheets-userformat=\"{&quot;2&quot;:4995,&quot;3&quot;:{&quot;1&quot;:0},&quot;4&quot;:{&quot;1&quot;:2,&quot;2&quot;:65280},&quot;10&quot;:2,&quot;11&quot;:0,&quot;12&quot;:0,&quot;15&quot;:&quot;Arial&quot;}\"><span data-sheets-value=\"{&quot;1&quot;:2,&quot;2&quot;:&quot;17h - 17h10 : ORGANIZA\u00c7\u00c3O/DESORGANIZA\u00c7\u00c3O&quot;}\" data-sheets-userformat=\"{&quot;2&quot;:4995,&quot;3&quot;:{&quot;1&quot;:0},&quot;4&quot;:{&quot;1&quot;:2,&quot;2&quot;:16043212},&quot;10&quot;:2,&quot;11&quot;:0,&quot;12&quot;:0,&quot;15&quot;:&quot;Arial&quot;}\">ORGANIZA\u00c7\u00c3O/DESORGANIZA\u00c7\u00c3O</span></span></strong></td>\r\n<td>-----</td>\r\n<td>-----</td>\r\n<td></td>\r\n</tr>\r\n<tr>\r\n<td>15h30</td>\r\n<td>16h30</td>\r\n<td><strong>VISITA\u00c7\u00c3O NO CONGRESSO</strong></td>\r\n<td>-----</td>\r\n<td>-----</td>\r\n<td></td>\r\n</tr>\r\n</tbody>\r\n</table>", "author_name": "", "version": "1.0", "author_url": "https://engitec.interlegis.leg.br/author/admin", "provider_name": "Portal do GITEC", "type": "rich"}