{"provider_url": "https://engitec.interlegis.leg.br", "title": "Pedro Adjuto", "html": "<p><strong><img src=\"https://engitec.interlegis.leg.br/engitec/edicoes/10o-engitec-2018/palestrantes/photo5145600614699476973.jpg/@@images/d2e6d1ea-503e-4b4c-8a0e-a07922853473.jpeg\" alt=\"Pedro Adjuto\" class=\"image-left\" title=\"Pedro Adjuto\" /></strong></p>\r\n<p>Pedro Adjuto, \u00e9 vereador, paracatuense, formando em Engenharia Civil. Em 2002, trabalhou como coordenador da campanha eleitoral do ent\u00e3o Secret\u00e1rio de Estado de A\u00e7\u00e3o Social do governo da Bahia, Roberto Muniz, que foi, \u00e0 \u00e9poca, o terceiro deputado mais bem votado do estado. Empreendedor, atuou durante 10 anos no ramo de eventos. Membro de fam\u00edlia tradicionalmente pol\u00edtica e reconhecida por grandes contribui\u00e7\u00f5es na hist\u00f3ria da regi\u00e3o do noroeste de Minas, sua av\u00f3 \u00e9 fundadora da APAE Paracatu, uma das dez primeiras em Minas Gerais. Pedro iniciou sua atua\u00e7\u00e3o pol\u00edtica em 2017, em Paracatu-Mg. Em seu primeiro mandato como vereador trabalha legislando de forma inovadora, participativa, transparente e din\u00e2mica. Foi candidato a Deputado Estadual nas elei\u00e7\u00f5es de 2018 e inovou na regi\u00e3o, trazendo alternativas de campanha com baixo custo, utilizando as redes sociais. Com menos de dois anos de mandato, <br />Pedro j\u00e1 \u00e9 reconhecido em sua cidade e regi\u00e3o como um grande representante das causas sociais e um efetivo combatente da corrup\u00e7\u00e3o no poder p\u00fablico.</p>\r\n<p><strong><br /></strong></p>\r\n<p><strong><br /></strong></p>\r\n<p><strong>Institui\u00e7\u00e3o</strong>: C\u00e2mara Municipal de Paracatu/MG</p>\r\n<p><strong>Palestra</strong>:\u00a0O atual cen\u00e1rio pol\u00edtico-social e seu impacto nas tomadas de decis\u00f5es do parlamento: um estudo de caso.</p>\r\n<p><strong>Resumo</strong>:</p>\r\n<p>Felizmente, o eleitor brasileiro est\u00e1 se tornando mais cr\u00edtico a cada dia. Nos \u00faltimos anos esse processo est\u00e1 bastante presente no dia a dia do parlamentar, \u00e9 percept\u00edvel o entendimento e a participa\u00e7\u00e3o popular em decis\u00f5es, vota\u00e7\u00f5es e projetos que antes n\u00e3o recebiam a devida import\u00e2ncia. Por isso, \u00e9 preciso um novo olhar para o eleitorado, pois quanto mais cr\u00edtico \u00e9 o eleitor, mais inteligente e consciente deve ser o seu representante.\u00a0</p>\r\n<p>O parlamentar do futuro precisa ser profundamente conhecedor das pautas que defende e representa. A luta contra a Corrup\u00e7\u00e3o tem sido uma pauta constante para o brasileiro e n\u00e3o apenas em \u00e2mbito federal. Os mun\u00edcipes tamb\u00e9m t\u00eam cobrado de seus vereadores uma postura mais firme diante do cen\u00e1rio municipal. Em Paracatu, a popula\u00e7\u00e3o acompanhou investiga\u00e7\u00f5es de corrup\u00e7\u00e3o nos dois \u00faltimos mandatos, o que voltou os olhares e a opini\u00e3o p\u00fablica de uma maneira negativa para a casa legislativa. Com isso, cada vereador precisa prestar contas de todas as suas a\u00e7\u00f5es, inclusive de vota\u00e7\u00f5es em projetos internos, que antes sequer chegavam ao conhecimento da popula\u00e7\u00e3o. Agora, cabe a cada parlamentar se atualizar e criar ferramentas para dar transpar\u00eancia ao seu mandato.</p>", "author_name": "fernanda123ja", "version": "1.0", "author_url": "https://engitec.interlegis.leg.br/author/fernanda123ja", "provider_name": "Portal do GITEC", "type": "rich"}