{"provider_url": "https://engitec.interlegis.leg.br", "title": "Jo\u00e3o Salmito Filho", "html": "<div id=\"content-core\">\r\n<div id=\"parent-fieldname-text-50d26dca681346df8d070409d6098cb2\">\r\n<div id=\"content-core\">\r\n<div id=\"parent-fieldname-text-be8ce91d30614bf9802090a1c0cf887c\">\r\n<p><img src=\"https://engitec.interlegis.leg.br/engitec/edicoes/10o-engitec-2018/palestrantes/joao.jpeg/@@images/d242a3cc-1896-40d3-8966-54ca11510666.jpeg\" alt=\"Jo\u00e3o\" class=\"image-left\" title=\"Jo\u00e3o\" />Jo\u00e3o Salmito Filho nasceu em 15 de outubro de 1974, em Fortaleza. Soci\u00f3logo e vereador no quarto mandato consecutivo. Iniciou sua atividade pol\u00edtica no movimento estudantil no Col\u00e9gio Cearense e depois na Universidade Estadual do Cear\u00e1. Em 1999, tornou-se embaixador da Funda\u00e7\u00e3o Rot\u00e1ria em Londres. Aos 23 anos, Salmito come\u00e7ou a lecionar na UFC, no Departamento de Ci\u00eancias Sociais. Foi ainda professor da UVA e do Col\u00e9gio Batista. <br />\u00c9 vereador desde 2005 quando presidiu as Comiss\u00f5es de Legisla\u00e7\u00e3o e de Educa\u00e7\u00e3o, tendo sido relator do Plano Diretor de Fortaleza - uma das leis mais importantes para a cidade, disciplinando as regras de urbanismo. Reeleito vereador em 2008, foi eleito Presidente da C\u00e2mara Municipal em 1\u00b0 de janeiro de 2009. Construiu, junto com a sociedade civil organizada (movimentos sociais, entidades empresariais, universidades e entidades de classe), o \"Pacto por Fortaleza - A Cidade que Queremos at\u00e9 2020\", diagnosticando os problemas da cidade e apresentando solu\u00e7\u00f5es concretas. <br />Em 2013, aceitou o desafiou de compor o Poder Executivo, ap\u00f3s o convite do Prefeito Roberto Cl\u00e1udio para conduzir a secretaria de Turismo de Fortaleza (Setfor), quando teve oportunidade de executar importantes obras como a nova Praia do Futuro e a nova Av. Monsenhor Tabosa. Em 2015, chega \u00e0 presid\u00eancia da C\u00e2mara Municipal pela segunda vez (2009-2010 / 2015-2016), e firma um compromisso com os vereadores e a sociedade, de respeito \u00e0 popula\u00e7\u00e3o, \u00e0 cultura institucional, \u00e0 transpar\u00eancia, ao controle interno, com altivez. Vota\u00e7\u00f5es: 5.886 votos (2004), 7.534 (2008), 9.328 (2012) e 15.551 (2016).</p>\r\n<br />\r\n<p><strong>Institui\u00e7\u00e3o</strong>: C\u00e2mara Municipal de Fortaleza / Presidente</p>\r\n<p><strong>Palestra</strong>: Compila\u00e7\u00e3o de textos</p>\r\n</div>\r\n</div>\r\n</div>\r\n</div>", "author_name": "", "version": "1.0", "author_url": "https://engitec.interlegis.leg.br/author/admin", "provider_name": "Portal do GITEC", "type": "rich"}