{"provider_url": "https://engitec.interlegis.leg.br", "title": "Ala\u00f4r Messias Marques J\u00fanior", "html": "<p><img src=\"https://engitec.interlegis.leg.br/engitec/edicoes/10o-engitec-2018/palestrantes/alaor.jpg/@@images/5fe91063-bdbd-4d19-8396-8e52c7b57998.jpeg\" alt=\"Ala\u00f4r\" class=\"image-left\" title=\"Ala\u00f4r\" />Gradua\u00e7\u00e3o em Biblioteconomia e Direito. P\u00f3s-gradua\u00e7\u00e3o em Poder Legislativo e em Gest\u00e3o Estrat\u00e9gica. Gerente-Geral da Escola do Legislativo da ALMG (2001 a 2010). Diretor de Planejamento e Coordena\u00e7\u00e3o da ALMG (desde 2010). Representante da ALMG no F\u00f3rum de Diretores-Gerais de Casas Legislativas (2012 a 2016). Diretor de Coopera\u00e7\u00e3o T\u00e9cnica e de Rela\u00e7\u00f5es Interinstitucionais da REGOV - Rede de Governan\u00e7a e Gest\u00e3o de Casas Legislativas (desde 2017).</p>\r\n<p>\u00a0</p>\r\n<p>\u00a0</p>\r\n<p>\u00a0</p>\r\n<p>\u00a0</p>\r\n<p>\u00a0</p>\r\n<p><strong>Institui\u00e7\u00e3o</strong>: Assembleia Legislativa do Estado de Minas Gerais / Diretor de Planejamento e Coordena\u00e7\u00e3o</p>\r\n<p><strong>Palestra</strong>: Parlamento do Futuro</p>\r\n<p><strong>Resumo</strong>:</p>\r\n<p>Apresenta\u00e7\u00e3o dos princ\u00edpios orientadores do Parlamento Aberto e de boas pr\u00e1ticas de Casas Legislativas, em n\u00edvel nacional e internacional, para aplica\u00e7\u00e3o dessas diretrizes.</p>", "author_name": "", "version": "1.0", "author_url": "https://engitec.interlegis.leg.br/author/admin", "provider_name": "Portal do GITEC", "type": "rich"}